{"id":41633,"date":"2022-12-05T00:00:57","date_gmt":"2022-12-05T03:00:57","guid":{"rendered":"https:\/\/vocesdebaires.com.ar\/?p=41633"},"modified":"2022-12-04T18:55:52","modified_gmt":"2022-12-04T21:55:52","slug":"se-llevo-a-cabo-la-edicion-la-carrera-por-la-inclusion-en-la-ciudad","status":"publish","type":"post","link":"https:\/\/vocesdebaires.com.ar\/index.php\/2022\/12\/05\/se-llevo-a-cabo-la-edicion-la-carrera-por-la-inclusion-en-la-ciudad\/","title":{"rendered":"Se llev\u00f3 a cabo la edici\u00f3n \u201cLa Carrera por la Inclusi\u00f3n en la Ciudad\u201d"},"content":{"rendered":"<p>Con motivo de la celebraci\u00f3n del D\u00eda Internacional de las Personas con Discapacidad, el s\u00e1bado 3 de diciembre, la Comisi\u00f3n para la Plena Participaci\u00f3n e Inclusi\u00f3n de las Personas con Discapacidad (COPIDIS) se llev\u00f3 adelante la 6ta edici\u00f3n de \u00abLa Carrera por la Inclusi\u00f3n en la Ciudad\u00bb que reuni\u00f3 a m\u00e1s de 650 personas. El evento se realiz\u00f3 en Macacha G\u00fcemes y Avenida de los Italianos, en el barrio porte\u00f1o de Puerto Madero. La actividad, que tuvo como objetivo concientizar y fomentar la inclusi\u00f3n social de este colectivo, const\u00f3 de dos carreras: una competitiva de 5 kil\u00f3metros y otra participativa de 2 kil\u00f3metros, para que los vecinos de la Ciudad participen con el apoyo que requieran, en caso de ser necesario.<\/p>\n<p>Adem\u00e1s, la jornada cont\u00f3 con entretenimientos y shows musicales durante todo el evento, y una emotiva entrega de medallas a cargo del presidente de COPIDIS, Leonardo Ruiz. COPIDIS tiene como misi\u00f3n promover la inclusi\u00f3n y fomentar la igualdad de oportunidades, el acceso al trabajo, la educaci\u00f3n y la vida independiente de las personas con discapacidad en el \u00e1mbito de la Ciudad. Su objetivo principal es profundizar los principios y valores de Buenos Aires como urbe plural y solidaria, para as\u00ed situarla a la vanguardia de las capitales accesibles de Am\u00e9rica Latina.<\/p>\n","protected":false},"excerpt":{"rendered":"<p>Con motivo de la celebraci\u00f3n del D\u00eda Internacional de las Personas con Discapacidad, el s\u00e1bado 3 de diciembre, la Comisi\u00f3n para la Plena Participaci\u00f3n e Inclusi\u00f3n de las Personas con Discapacidad (COPIDIS) se llev\u00f3 adelante la 6ta edici\u00f3n de \u00abLa Carrera por la Inclusi\u00f3n en la Ciudad\u00bb que reuni\u00f3 a m\u00e1s de 650 personas. El [&hellip;]<\/p>\n","protected":false},"author":2,"featured_media":41634,"comment_status":"open","ping_status":"open","sticky":false,"template":"","format":"standard","meta":{"_et_pb_use_builder":"","_et_pb_old_content":"","_et_gb_content_width":"","footnotes":""},"categories":[11,33],"tags":[],"class_list":["post-41633","post","type-post","status-publish","format-standard","has-post-thumbnail","hentry","category-ciudad","category-sociedad-y-cultura-2"],"_links":{"self":[{"href":"https:\/\/vocesdebaires.com.ar\/index.php\/wp-json\/wp\/v2\/posts\/41633"}],"collection":[{"href":"https:\/\/vocesdebaires.com.ar\/index.php\/wp-json\/wp\/v2\/posts"}],"about":[{"href":"https:\/\/vocesdebaires.com.ar\/index.php\/wp-json\/wp\/v2\/types\/post"}],"author":[{"embeddable":true,"href":"https:\/\/vocesdebaires.com.ar\/index.php\/wp-json\/wp\/v2\/users\/2"}],"replies":[{"embeddable":true,"href":"https:\/\/vocesdebaires.com.ar\/index.php\/wp-json\/wp\/v2\/comments?post=41633"}],"version-history":[{"count":1,"href":"https:\/\/vocesdebaires.com.ar\/index.php\/wp-json\/wp\/v2\/posts\/41633\/revisions"}],"predecessor-version":[{"id":41635,"href":"https:\/\/vocesdebaires.com.ar\/index.php\/wp-json\/wp\/v2\/posts\/41633\/revisions\/41635"}],"wp:featuredmedia":[{"embeddable":true,"href":"https:\/\/vocesdebaires.com.ar\/index.php\/wp-json\/wp\/v2\/media\/41634"}],"wp:attachment":[{"href":"https:\/\/vocesdebaires.com.ar\/index.php\/wp-json\/wp\/v2\/media?parent=41633"}],"wp:term":[{"taxonomy":"category","embeddable":true,"href":"https:\/\/vocesdebaires.com.ar\/index.php\/wp-json\/wp\/v2\/categories?post=41633"},{"taxonomy":"post_tag","embeddable":true,"href":"https:\/\/vocesdebaires.com.ar\/index.php\/wp-json\/wp\/v2\/tags?post=41633"}],"curies":[{"name":"wp","href":"https:\/\/api.w.org\/{rel}","templated":true}]}}