{"id":41642,"date":"2022-12-05T00:00:51","date_gmt":"2022-12-05T03:00:51","guid":{"rendered":"https:\/\/vocesdebaires.com.ar\/?p=41642"},"modified":"2022-12-04T19:18:03","modified_gmt":"2022-12-04T22:18:03","slug":"ciudad-amia-el-dia-internacional-de-las-personas-con-discapacidad","status":"publish","type":"post","link":"https:\/\/vocesdebaires.com.ar\/index.php\/2022\/12\/05\/ciudad-amia-el-dia-internacional-de-las-personas-con-discapacidad\/","title":{"rendered":"Ciudad: AMIA el D\u00eda Internacional de las Personas con Discapacidad"},"content":{"rendered":"<p>Una sociedad inclusiva es una sociedad sin barreras\u201d. Con este mensaje a favor de promover una vida con autonom\u00eda, AMIA produjo un original video para sumar su voz en el marco del D\u00eda Internacional de las Personas con Discapacidad, que se conmemora cada 3 de diciembre. Con la t\u00e9cnica del dibujo sobre arena, y de la mano del talentoso ilustrador Alejandro Bustos la realizaci\u00f3n audiovisual fue creada por la instituci\u00f3n en nombre de la Red Comunitaria de Discapacidad.<\/p>\n<p>A trav\u00e9s de ejemplos concretos, el video expone la cantidad de obst\u00e1culos con los que las personas con discapacidades deben lidiar en diferentes situaciones de la vida cotidiana, y c\u00f3mo \u00e9stas pueden resolverse desde una mirada emp\u00e1tica e inclusiva. \u201cVisibilizar estas situaciones y c\u00f3mo pueden ser solucionadas en pos de lograr una accesibilidad y una inclusi\u00f3n plena es un gran primer paso para que las personas con discapacidad puedan tener mejor calidad de vida y ejercer, en definitiva, sus derechos\u201d, destac\u00f3 Ana Dorfman, coordinadora del \u00e1rea de Discapacidad de AMIA.<\/p>\n<p>El D\u00eda Internacional de las personas con discapacidad es una fecha que insta a gobiernos, organizaciones y a la sociedad en general a trabajar para promover derechos, concientizar y fomentar una mayor inclusi\u00f3n. Desde su \u00e1rea de Discapacidad, AMIA trabaja a diario, a trav\u00e9s de diferentes proyectos e iniciativas para forjar un futuro m\u00e1s equitativo. El sector se ocupa de articular la Red Comunitaria de Discapacidad constituida por once instituciones aut\u00f3nomas que se dedican a la atenci\u00f3n de ni\u00f1os, ni\u00f1as, j\u00f3venes y adultos con discapacidad.<\/p>\n<p>Las entidades son Ory, Escuela Hamakom Sheli, Idel, Baderej, Mitoj Alev, Akim, Fundaci\u00f3n Cherry Breitman, Fundaci\u00f3n Arte y Movimiento, Consejo Argentino de Mujeres Israelitas CAMI, OTZMA, Escuela de Golf Heme Aqu\u00ed. Adem\u00e1s, participa de espacios gubernamentales en los que la entidad est\u00e1 presente para representar y defender los derechos de la poblaci\u00f3n con discapacidad, como el Comit\u00e9 Asesor de la Agencia Nacional de Discapacidad ANDIS, el Observatorio del cumplimiento de la Convenci\u00f3n Internacional sobre los derechos de las personas con discapacidad, la Auditor\u00eda General de la Naci\u00f3n AGN, entre otros.<\/p>\n","protected":false},"excerpt":{"rendered":"<p>Una sociedad inclusiva es una sociedad sin barreras\u201d. Con este mensaje a favor de promover una vida con autonom\u00eda, AMIA produjo un original video para sumar su voz en el marco del D\u00eda Internacional de las Personas con Discapacidad, que se conmemora cada 3 de diciembre. Con la t\u00e9cnica del dibujo sobre arena, y de [&hellip;]<\/p>\n","protected":false},"author":2,"featured_media":41643,"comment_status":"open","ping_status":"open","sticky":false,"template":"","format":"standard","meta":{"_et_pb_use_builder":"","_et_pb_old_content":"","_et_gb_content_width":"","footnotes":""},"categories":[11,33],"tags":[],"class_list":["post-41642","post","type-post","status-publish","format-standard","has-post-thumbnail","hentry","category-ciudad","category-sociedad-y-cultura-2"],"_links":{"self":[{"href":"https:\/\/vocesdebaires.com.ar\/index.php\/wp-json\/wp\/v2\/posts\/41642"}],"collection":[{"href":"https:\/\/vocesdebaires.com.ar\/index.php\/wp-json\/wp\/v2\/posts"}],"about":[{"href":"https:\/\/vocesdebaires.com.ar\/index.php\/wp-json\/wp\/v2\/types\/post"}],"author":[{"embeddable":true,"href":"https:\/\/vocesdebaires.com.ar\/index.php\/wp-json\/wp\/v2\/users\/2"}],"replies":[{"embeddable":true,"href":"https:\/\/vocesdebaires.com.ar\/index.php\/wp-json\/wp\/v2\/comments?post=41642"}],"version-history":[{"count":1,"href":"https:\/\/vocesdebaires.com.ar\/index.php\/wp-json\/wp\/v2\/posts\/41642\/revisions"}],"predecessor-version":[{"id":41644,"href":"https:\/\/vocesdebaires.com.ar\/index.php\/wp-json\/wp\/v2\/posts\/41642\/revisions\/41644"}],"wp:featuredmedia":[{"embeddable":true,"href":"https:\/\/vocesdebaires.com.ar\/index.php\/wp-json\/wp\/v2\/media\/41643"}],"wp:attachment":[{"href":"https:\/\/vocesdebaires.com.ar\/index.php\/wp-json\/wp\/v2\/media?parent=41642"}],"wp:term":[{"taxonomy":"category","embeddable":true,"href":"https:\/\/vocesdebaires.com.ar\/index.php\/wp-json\/wp\/v2\/categories?post=41642"},{"taxonomy":"post_tag","embeddable":true,"href":"https:\/\/vocesdebaires.com.ar\/index.php\/wp-json\/wp\/v2\/tags?post=41642"}],"curies":[{"name":"wp","href":"https:\/\/api.w.org\/{rel}","templated":true}]}}