{"id":41649,"date":"2022-12-06T01:16:48","date_gmt":"2022-12-06T04:16:48","guid":{"rendered":"https:\/\/vocesdebaires.com.ar\/?p=41649"},"modified":"2022-12-06T01:16:48","modified_gmt":"2022-12-06T04:16:48","slug":"ciudad-geba-durante-el-show-de-ysy-a-detuvieron-a-tres-delincuentes","status":"publish","type":"post","link":"https:\/\/vocesdebaires.com.ar\/index.php\/2022\/12\/06\/ciudad-geba-durante-el-show-de-ysy-a-detuvieron-a-tres-delincuentes\/","title":{"rendered":"Ciudad: GEBA durante el show de Ysy A, detuvieron a tres delincuentes"},"content":{"rendered":"<p>El hecho ocurri\u00f3 en horas de la noche cuando efectivos de la Comisar\u00eda Vecinal 14C fueron desplazados hasta el interior del predio situado en la avenida Figueroa Alcorta y Dorrego, donde se tom\u00f3 inmediato contacto con decenas de damnificados, quienes aportaron caracter\u00edsticas f\u00edsicas y de vestimenta de los pungas. Posteriormente se realiz\u00f3 un complet\u00f3 operativo cerrojo en el lugar, cuya concurrencia del evento era realmente grande, y se logr\u00f3 la captura de los tres delincuentes, dos hombres y una mujer, con un total de 41 dispositivos de telefon\u00eda.<\/p>\n<p>En la causa intervino el Juzgado Criminal y Correccional N\u00ba23, a cargo del Dr. Iturralde, quien ante la Secretar\u00eda N\u00ba158, de la Dra. Rodr\u00edguez, dispuso la detenci\u00f3n de los involucrados, todos de nacionalidad argentina, por el delito de \u201crobo\u201d. En el marco del plan de justicia restaurativa y reparaci\u00f3n del da\u00f1o que lleva adelante el Ministerio de Justicia y Seguridad porte\u00f1o, la Ciudad dispone de una plataforma para que los vecinos puedan recuperar sus objetos que fueron secuestrados en operativos y que est\u00e9n aptos para la devoluci\u00f3n. Ingresando a recuperos.policiadelaciudad.gob.ar, se pueden identificar lo que se le ha sustra\u00eddo, y que hoy est\u00e1 en los dep\u00f3sitos de la Polic\u00eda de la Ciudad.<\/p>\n","protected":false},"excerpt":{"rendered":"<p>El hecho ocurri\u00f3 en horas de la noche cuando efectivos de la Comisar\u00eda Vecinal 14C fueron desplazados hasta el interior del predio situado en la avenida Figueroa Alcorta y Dorrego, donde se tom\u00f3 inmediato contacto con decenas de damnificados, quienes aportaron caracter\u00edsticas f\u00edsicas y de vestimenta de los pungas. Posteriormente se realiz\u00f3 un complet\u00f3 operativo [&hellip;]<\/p>\n","protected":false},"author":2,"featured_media":41650,"comment_status":"open","ping_status":"open","sticky":false,"template":"","format":"standard","meta":{"_et_pb_use_builder":"","_et_pb_old_content":"","_et_gb_content_width":"","footnotes":""},"categories":[11,33],"tags":[],"class_list":["post-41649","post","type-post","status-publish","format-standard","has-post-thumbnail","hentry","category-ciudad","category-sociedad-y-cultura-2"],"_links":{"self":[{"href":"https:\/\/vocesdebaires.com.ar\/index.php\/wp-json\/wp\/v2\/posts\/41649"}],"collection":[{"href":"https:\/\/vocesdebaires.com.ar\/index.php\/wp-json\/wp\/v2\/posts"}],"about":[{"href":"https:\/\/vocesdebaires.com.ar\/index.php\/wp-json\/wp\/v2\/types\/post"}],"author":[{"embeddable":true,"href":"https:\/\/vocesdebaires.com.ar\/index.php\/wp-json\/wp\/v2\/users\/2"}],"replies":[{"embeddable":true,"href":"https:\/\/vocesdebaires.com.ar\/index.php\/wp-json\/wp\/v2\/comments?post=41649"}],"version-history":[{"count":1,"href":"https:\/\/vocesdebaires.com.ar\/index.php\/wp-json\/wp\/v2\/posts\/41649\/revisions"}],"predecessor-version":[{"id":41651,"href":"https:\/\/vocesdebaires.com.ar\/index.php\/wp-json\/wp\/v2\/posts\/41649\/revisions\/41651"}],"wp:featuredmedia":[{"embeddable":true,"href":"https:\/\/vocesdebaires.com.ar\/index.php\/wp-json\/wp\/v2\/media\/41650"}],"wp:attachment":[{"href":"https:\/\/vocesdebaires.com.ar\/index.php\/wp-json\/wp\/v2\/media?parent=41649"}],"wp:term":[{"taxonomy":"category","embeddable":true,"href":"https:\/\/vocesdebaires.com.ar\/index.php\/wp-json\/wp\/v2\/categories?post=41649"},{"taxonomy":"post_tag","embeddable":true,"href":"https:\/\/vocesdebaires.com.ar\/index.php\/wp-json\/wp\/v2\/tags?post=41649"}],"curies":[{"name":"wp","href":"https:\/\/api.w.org\/{rel}","templated":true}]}}