{"id":41652,"date":"2022-12-06T01:20:00","date_gmt":"2022-12-06T04:20:00","guid":{"rendered":"https:\/\/vocesdebaires.com.ar\/?p=41652"},"modified":"2022-12-06T01:32:51","modified_gmt":"2022-12-06T04:32:51","slug":"ciudadprograma-adolescencias-en-la-ciudad-5-000-jovenes-cerraron-el-ano","status":"publish","type":"post","link":"https:\/\/vocesdebaires.com.ar\/index.php\/2022\/12\/06\/ciudadprograma-adolescencias-en-la-ciudad-5-000-jovenes-cerraron-el-ano\/","title":{"rendered":"Ciudad:Programa \u201cAdolescencias\u201d en la ciudad 5.000 J\u00f3venes cerraron el a\u00f1o"},"content":{"rendered":"<p>El pasado domingo por la ma\u00f1ana se llev\u00f3 adelante el cierre de a\u00f1o del programa adolescencia que promueve el gobierno porte\u00f1o. El encuentro, que se realiz\u00f3 en el Parque Indoamericano, cont\u00f3 con la presencia de m\u00e1s de 5.000 j\u00f3venes de la Ciudad de Buenos Aires. All\u00ed, se busc\u00f3 combinar actividades recreativas a la par de la integraci\u00f3n entre chicos y chicas que viven en distintos lugares y contextos y que encuentran en estas actividades puntos en com\u00fan e intereses. Estuvieron presentes en la actividad, Javier Salas Bulacio, Jefe de Gabinete Ministerio de Desarrollo Humano y H\u00e1bitat; Mauricio Giraudo, Subsecretario de Fortalecimiento Personal, Familiar y Comunitario; y Roberto Candiano, Director General de Desarrollo de Infancias y Adolescencia.<\/p>\n<p>El programa \u201cAdolescencias\u201d busca promover adolescentes aut\u00f3nomos y con oportunidades para la toma de decisiones, en su vida adulta, a trav\u00e9s del desarrollo de habilidades blandas (recreaci\u00f3n) y de brindar herramientas de capacitaci\u00f3n. A su vez, tiene como objetivos: desarrollar el potencial y la construcci\u00f3n de un proyecto de vida; prevenir riesgos espec\u00edficos: embarazo adolescente, consumo y noviazgos sin violencia; y promover la participaci\u00f3n ciudadana. Actualmente el programa cuenta con 9.000 adolescentes en situaci\u00f3n de vulnerabilidad que participan activamente.<\/p>\n<p>\u201cEl encuentro que atravesamos hoy es una celebraci\u00f3n a la vida, ya que m\u00e1s de 5.000 chicos de sectores populares se encuentran en un mismo espacio para compartir un momento de esparcimiento y recreaci\u00f3n\u00bb, expres\u00f3 Roberto Candiano, Director General de Desarrollo de Infancias y Adolescencias. Y agreg\u00f3: \u201dUno de los mayores logros del programa es trabajar con los adolescentes en el sostenimiento de la escolaridad. Y hoy podemos decir que el 95% de los chicos y chicas que participan en el programa mantienen la regularidad escolar.\u201d<\/p>\n","protected":false},"excerpt":{"rendered":"<p>El pasado domingo por la ma\u00f1ana se llev\u00f3 adelante el cierre de a\u00f1o del programa adolescencia que promueve el gobierno porte\u00f1o. El encuentro, que se realiz\u00f3 en el Parque Indoamericano, cont\u00f3 con la presencia de m\u00e1s de 5.000 j\u00f3venes de la Ciudad de Buenos Aires. All\u00ed, se busc\u00f3 combinar actividades recreativas a la par de [&hellip;]<\/p>\n","protected":false},"author":2,"featured_media":41653,"comment_status":"open","ping_status":"open","sticky":false,"template":"","format":"standard","meta":{"_et_pb_use_builder":"","_et_pb_old_content":"","_et_gb_content_width":"","footnotes":""},"categories":[11,33],"tags":[],"class_list":["post-41652","post","type-post","status-publish","format-standard","has-post-thumbnail","hentry","category-ciudad","category-sociedad-y-cultura-2"],"_links":{"self":[{"href":"https:\/\/vocesdebaires.com.ar\/index.php\/wp-json\/wp\/v2\/posts\/41652"}],"collection":[{"href":"https:\/\/vocesdebaires.com.ar\/index.php\/wp-json\/wp\/v2\/posts"}],"about":[{"href":"https:\/\/vocesdebaires.com.ar\/index.php\/wp-json\/wp\/v2\/types\/post"}],"author":[{"embeddable":true,"href":"https:\/\/vocesdebaires.com.ar\/index.php\/wp-json\/wp\/v2\/users\/2"}],"replies":[{"embeddable":true,"href":"https:\/\/vocesdebaires.com.ar\/index.php\/wp-json\/wp\/v2\/comments?post=41652"}],"version-history":[{"count":1,"href":"https:\/\/vocesdebaires.com.ar\/index.php\/wp-json\/wp\/v2\/posts\/41652\/revisions"}],"predecessor-version":[{"id":41654,"href":"https:\/\/vocesdebaires.com.ar\/index.php\/wp-json\/wp\/v2\/posts\/41652\/revisions\/41654"}],"wp:featuredmedia":[{"embeddable":true,"href":"https:\/\/vocesdebaires.com.ar\/index.php\/wp-json\/wp\/v2\/media\/41653"}],"wp:attachment":[{"href":"https:\/\/vocesdebaires.com.ar\/index.php\/wp-json\/wp\/v2\/media?parent=41652"}],"wp:term":[{"taxonomy":"category","embeddable":true,"href":"https:\/\/vocesdebaires.com.ar\/index.php\/wp-json\/wp\/v2\/categories?post=41652"},{"taxonomy":"post_tag","embeddable":true,"href":"https:\/\/vocesdebaires.com.ar\/index.php\/wp-json\/wp\/v2\/tags?post=41652"}],"curies":[{"name":"wp","href":"https:\/\/api.w.org\/{rel}","templated":true}]}}