{"id":41669,"date":"2022-12-08T14:02:51","date_gmt":"2022-12-08T17:02:51","guid":{"rendered":"https:\/\/vocesdebaires.com.ar\/?p=41669"},"modified":"2022-12-08T14:02:51","modified_gmt":"2022-12-08T17:02:51","slug":"la-legislatura-portena-celebro-las-relaciones-diplomaticas","status":"publish","type":"post","link":"https:\/\/vocesdebaires.com.ar\/index.php\/2022\/12\/08\/la-legislatura-portena-celebro-las-relaciones-diplomaticas\/","title":{"rendered":"La legislatura porte\u00f1a  celebr\u00f3 las relaciones diplom\u00e1ticas"},"content":{"rendered":"<p>El Cuerpo Legislativo celebr\u00f3 el 50\u00b0 aniversario del establecimiento de las relaciones diplom\u00e1ticas entre la Rep\u00fablica Argentina y la Rep\u00fablica Popular China e inaugur\u00f3 la muestra fotogr\u00e1fica \u00abHistoria de la Comunidad China en la Argentina\u00bb. El acto se llev\u00f3 a cabo en el sal\u00f3n Hip\u00f3lito Yrigoyen y cont\u00f3 con la presencia del vicepresidente 1\u00b0 Emmanuel Ferrario, el legislador y autor del proyecto Claudio Romero y el embajador chino Xiaoli Zou.<\/p>\n<p>En el comienzo de las alocuciones, Ferrario destac\u00f3 que los v\u00ednculos entre ambos pa\u00edses \u201cse han profundizado, potenciando la diversidad en la Ciudad\u201d y que ambas parten \u201chan sabido romper todas las distancias geogr\u00e1ficas\u201d. Tambi\u00e9n agreg\u00f3: \u201cla comunidad china aporta un diferencial en la identidad porte\u00f1a, desde lo cultural y tambi\u00e9n desde el dinamismo productivo y econ\u00f3mico\u201d. Y reafirm\u00f3 la necesidad de continuar fomentando \u201clazos m\u00e1s profundos con otras naciones, para resolver desaf\u00edos comunes y garantizar nuestro desarrollo\u201d.<\/p>\n<p>Por su parte, el legislador Claudio Romero coment\u00f3 que es \u201cun honor\u201d inaugurar la muestra. A su vez destac\u00f3: \u201cla Rep\u00fablica Popular China es un aliado de la Rep\u00fablica Argentina en dos frentes importantes. Hace algunos a\u00f1os, en el reconocimiento de la lucha argentina por reconocer las Islas Malvinas, el reclamo de la soberan\u00eda. Y tambi\u00e9n hoy y desde hace tres a\u00f1os en la lucha por el COVID-19\u201d. Por \u00faltimo, inst\u00f3 a que \u201cesta amistad y esta cooperaci\u00f3n bilateral, que existe como gobiernos, se repita fundamentalmente como pueblo\u201d, ya que son parte \u201cde nuestra idiosincrasia, de nuestra cultura y del arraigo\u201d.A su turno, Zou calific\u00f3 como \u201cimportante\u201d a la Legislatura de la Ciudad. \u201cEn una parte somos los dos pa\u00edses m\u00e1s lejanos.<\/p>\n<p>Sin embargo estamos tan \u00edntimos como los hermanos, entonces tambi\u00e9n nuestro afecto representa un milagro de la humanidad\u201d, coment\u00f3 el mandatario asi\u00e1tico y calific\u00f3 al pueblo chino y argentino como \u201cabiertos, inclusivos, modestos y amistosos\u201d. En relaci\u00f3n a la muestra, concluy\u00f3: \u201cEsta exposici\u00f3n muestra la historia migratoria, de trabajo, de lucha y de integraci\u00f3n de nuestra comunidad china residente en el pa\u00eds. Tambi\u00e9n demuestra la amistad entre los inmigrantes chinos y el pueblo local. Demuestra plenamente el afecto que alberga el pueblo argentino, sobre todo la Legislatura porte\u00f1a y los porte\u00f1os por el pueblo chino. Tambi\u00e9n demuestra plenamente la base social s\u00f3lida y amplia a favor de los v\u00ednculos amistosos entre ambos pa\u00edses\u201d.<\/p>\n<p>La muestra fotogr\u00e1fica \u00abHistoria de la Comunidad China en la Argentina\u00bb expone un gran archivo que cuenta la llegada de los primeros migrantes de China en el Siglo XIX a nuestro pa\u00eds, donde decidieron echar sus ra\u00edces. En la actualidad se estima que hay 180 mil chinos residentes en Argentina, que despu\u00e9s de un arduo camino de emprendimiento no solo lograron su propio desarrollo personal, sino que tambi\u00e9n realizan contribuciones positivas a favor del desarrollo socio-econ\u00f3mico local. La propuesta art\u00edstica podr\u00e1 visitarse los d\u00edas 12, 13 y 14 de diciembre, en el Hall de Honor del Palacio Legislativo de la Ciudad.<\/p>\n","protected":false},"excerpt":{"rendered":"<p>El Cuerpo Legislativo celebr\u00f3 el 50\u00b0 aniversario del establecimiento de las relaciones diplom\u00e1ticas entre la Rep\u00fablica Argentina y la Rep\u00fablica Popular China e inaugur\u00f3 la muestra fotogr\u00e1fica \u00abHistoria de la Comunidad China en la Argentina\u00bb. El acto se llev\u00f3 a cabo en el sal\u00f3n Hip\u00f3lito Yrigoyen y cont\u00f3 con la presencia del vicepresidente 1\u00b0 Emmanuel [&hellip;]<\/p>\n","protected":false},"author":2,"featured_media":41670,"comment_status":"open","ping_status":"open","sticky":false,"template":"","format":"standard","meta":{"_et_pb_use_builder":"","_et_pb_old_content":"","_et_gb_content_width":"","footnotes":""},"categories":[11,33],"tags":[],"class_list":["post-41669","post","type-post","status-publish","format-standard","has-post-thumbnail","hentry","category-ciudad","category-sociedad-y-cultura-2"],"_links":{"self":[{"href":"https:\/\/vocesdebaires.com.ar\/index.php\/wp-json\/wp\/v2\/posts\/41669"}],"collection":[{"href":"https:\/\/vocesdebaires.com.ar\/index.php\/wp-json\/wp\/v2\/posts"}],"about":[{"href":"https:\/\/vocesdebaires.com.ar\/index.php\/wp-json\/wp\/v2\/types\/post"}],"author":[{"embeddable":true,"href":"https:\/\/vocesdebaires.com.ar\/index.php\/wp-json\/wp\/v2\/users\/2"}],"replies":[{"embeddable":true,"href":"https:\/\/vocesdebaires.com.ar\/index.php\/wp-json\/wp\/v2\/comments?post=41669"}],"version-history":[{"count":1,"href":"https:\/\/vocesdebaires.com.ar\/index.php\/wp-json\/wp\/v2\/posts\/41669\/revisions"}],"predecessor-version":[{"id":41671,"href":"https:\/\/vocesdebaires.com.ar\/index.php\/wp-json\/wp\/v2\/posts\/41669\/revisions\/41671"}],"wp:featuredmedia":[{"embeddable":true,"href":"https:\/\/vocesdebaires.com.ar\/index.php\/wp-json\/wp\/v2\/media\/41670"}],"wp:attachment":[{"href":"https:\/\/vocesdebaires.com.ar\/index.php\/wp-json\/wp\/v2\/media?parent=41669"}],"wp:term":[{"taxonomy":"category","embeddable":true,"href":"https:\/\/vocesdebaires.com.ar\/index.php\/wp-json\/wp\/v2\/categories?post=41669"},{"taxonomy":"post_tag","embeddable":true,"href":"https:\/\/vocesdebaires.com.ar\/index.php\/wp-json\/wp\/v2\/tags?post=41669"}],"curies":[{"name":"wp","href":"https:\/\/api.w.org\/{rel}","templated":true}]}}