{"id":4167,"date":"2019-12-24T03:03:32","date_gmt":"2019-12-24T06:03:32","guid":{"rendered":"http:\/\/vocesdebaires.com.ar\/wordpress\/index.php\/2019\/12\/24\/ciudad-policia-entrego-juguetes-a-merendero\/"},"modified":"2019-12-24T03:03:32","modified_gmt":"2019-12-24T06:03:32","slug":"ciudad-policia-entrego-juguetes-a-merendero","status":"publish","type":"post","link":"https:\/\/vocesdebaires.com.ar\/index.php\/2019\/12\/24\/ciudad-policia-entrego-juguetes-a-merendero\/","title":{"rendered":"Ciudad Polic\u00eda entreg\u00f3 juguetes a merendero"},"content":{"rendered":"<p>El pasado viernes, el Ministerio de Justicia y Seguridad de la Ciudad, a trav\u00e9s del \u00c1rea de Beneficios de la Polic\u00eda de la Ciudad junto a su coordinadora, Leila Ocampo, entreg\u00f3 juguetes para los chicos del comedor de Merlo. Este lugar se fund\u00f3, hace m\u00e1s de un a\u00f1o, gracias a la iniciativa que tuvo el oficial primero Cristian Mart\u00ednez de la Polic\u00eda de la Ciudad. Actualmente cuenta con la asistencia de entre 45 y 50 chicos a quienes se les proveen alimentos. En esta oportunidad se decidi\u00f3 colaborar con juguetes para que los ni\u00f1os tengan un regalo en estas fiestas. La coordinadora del \u00c1rea de Beneficios de la Polic\u00eda de la Ciudad, Leila Ocampo explic\u00f3 que &quot; el \u00e1rea se dedica a varias cosas, una de ellas es la que nos llega toda la parte social.<\/p>\n<p>Nosotros trabajamos para el polic\u00eda a trav\u00e9s de la parte social, tratamos de ayudarlo en lo que podemos&quot; y agreg\u00f3: &quot;nos lleg\u00f3 al \u00e1rea nuestra el trabajo que realiza el oficial Mart\u00ednez\u00a0 y autom\u00e1ticamente nos pusimos en contacto. Para nosotros fue un placer, no s\u00f3lo ayudar sino saber que los que est\u00e1n ayudando son polic\u00edas nuestros. Queremos seguir ayud\u00e1ndolos, que sea una constante, no s\u00f3lo venir hoy y entregar juguetes, sino ayudarlos a que ellos tengan alimentos&quot;. Agradecido por las donaciones recibidas el oficial primero Mart\u00ednez concluy\u00f3 &quot;a los chicos no se les puede fallar. Ellos tienen una ilusi\u00f3n y como lo dice el nombre del merendero es por una sonrisa. Nosotros buscamos que no pierdan esa sonrisa&quot;.<\/p>\n","protected":false},"excerpt":{"rendered":"<p>El pasado viernes, el Ministerio de Justicia y Seguridad de la Ciudad, a trav\u00e9s del \u00c1rea de Beneficios de la Polic\u00eda de la Ciudad junto a su coordinadora, Leila Ocampo, entreg\u00f3 juguetes para los chicos del comedor de Merlo. Este lugar se fund\u00f3, hace m\u00e1s de un a\u00f1o, gracias a la iniciativa que tuvo el [&hellip;]<\/p>\n","protected":false},"author":1,"featured_media":4168,"comment_status":"open","ping_status":"open","sticky":false,"template":"","format":"standard","meta":{"_et_pb_use_builder":"","_et_pb_old_content":"","_et_gb_content_width":"","footnotes":""},"categories":[11,32],"tags":[],"class_list":["post-4167","post","type-post","status-publish","format-standard","has-post-thumbnail","hentry","category-ciudad","category-comunas"],"_links":{"self":[{"href":"https:\/\/vocesdebaires.com.ar\/index.php\/wp-json\/wp\/v2\/posts\/4167"}],"collection":[{"href":"https:\/\/vocesdebaires.com.ar\/index.php\/wp-json\/wp\/v2\/posts"}],"about":[{"href":"https:\/\/vocesdebaires.com.ar\/index.php\/wp-json\/wp\/v2\/types\/post"}],"author":[{"embeddable":true,"href":"https:\/\/vocesdebaires.com.ar\/index.php\/wp-json\/wp\/v2\/users\/1"}],"replies":[{"embeddable":true,"href":"https:\/\/vocesdebaires.com.ar\/index.php\/wp-json\/wp\/v2\/comments?post=4167"}],"version-history":[{"count":0,"href":"https:\/\/vocesdebaires.com.ar\/index.php\/wp-json\/wp\/v2\/posts\/4167\/revisions"}],"wp:featuredmedia":[{"embeddable":true,"href":"https:\/\/vocesdebaires.com.ar\/index.php\/wp-json\/wp\/v2\/media\/4168"}],"wp:attachment":[{"href":"https:\/\/vocesdebaires.com.ar\/index.php\/wp-json\/wp\/v2\/media?parent=4167"}],"wp:term":[{"taxonomy":"category","embeddable":true,"href":"https:\/\/vocesdebaires.com.ar\/index.php\/wp-json\/wp\/v2\/categories?post=4167"},{"taxonomy":"post_tag","embeddable":true,"href":"https:\/\/vocesdebaires.com.ar\/index.php\/wp-json\/wp\/v2\/tags?post=4167"}],"curies":[{"name":"wp","href":"https:\/\/api.w.org\/{rel}","templated":true}]}}