{"id":41673,"date":"2022-12-08T14:07:42","date_gmt":"2022-12-08T17:07:42","guid":{"rendered":"https:\/\/vocesdebaires.com.ar\/?p=41673"},"modified":"2022-12-08T14:09:03","modified_gmt":"2022-12-08T17:09:03","slug":"reconocimientoa-roxana-showpersonalidad-destacada-de-la-ciudad","status":"publish","type":"post","link":"https:\/\/vocesdebaires.com.ar\/index.php\/2022\/12\/08\/reconocimientoa-roxana-showpersonalidad-destacada-de-la-ciudad\/","title":{"rendered":"Reconocimiento:A Roxana Show,personalidad destacada"},"content":{"rendered":"<p>Ayer mi\u00e9rcoles, en el Sal\u00f3n Dorado de la Legislatura, Roxana Show fue distinguida como Personalidad Destacada en el \u00e1mbito de la Cultura, tras el proyecto de la legisladora porte\u00f1a Mar\u00eda Sol M\u00e9ndez (VJ). La cantante fue reconocida por \u00absu carrera, por su dedicaci\u00f3n y por su fortaleza ante las adversidades que no detuvieron su camino\u00bb. \u201cRoxana es un ejemplo de talento, de resiliencia, de valent\u00eda y de venir a romper los prejuicios que tenemos. A sus 80 a\u00f1os la rompe en el teatro, sigue trabajando y es una artista incre\u00edble. Nos demuestra a todos que la edad es solo un n\u00famero, lo que importa es el amor y las ganas que uno le pone a las cosas\u201d, cont\u00f3 la legisladora M\u00e9ndez. Por su parte, la artista reconoci\u00f3 que le fue \u201cdif\u00edcil\u201d poder expresar su devoluci\u00f3n al reconocimiento recibido y dijo: \u201cSolo me sale la peque\u00f1a palabra \u2018gracias\u2019 pero creo que, cuando nace de lo m\u00e1s profundo de uno y es sincera, es lo que vale\u201d. Roxana cerr\u00f3 su ceremonia con un show de canto en vivo, que pudo compartir con los presentes y con sus seguidores.<\/p>\n","protected":false},"excerpt":{"rendered":"<p>Ayer mi\u00e9rcoles, en el Sal\u00f3n Dorado de la Legislatura, Roxana Show fue distinguida como Personalidad Destacada en el \u00e1mbito de la Cultura, tras el proyecto de la legisladora porte\u00f1a Mar\u00eda Sol M\u00e9ndez (VJ). La cantante fue reconocida por \u00absu carrera, por su dedicaci\u00f3n y por su fortaleza ante las adversidades que no detuvieron su camino\u00bb. [&hellip;]<\/p>\n","protected":false},"author":2,"featured_media":41674,"comment_status":"open","ping_status":"open","sticky":false,"template":"","format":"standard","meta":{"_et_pb_use_builder":"","_et_pb_old_content":"","_et_gb_content_width":"","footnotes":""},"categories":[11,33],"tags":[],"class_list":["post-41673","post","type-post","status-publish","format-standard","has-post-thumbnail","hentry","category-ciudad","category-sociedad-y-cultura-2"],"_links":{"self":[{"href":"https:\/\/vocesdebaires.com.ar\/index.php\/wp-json\/wp\/v2\/posts\/41673"}],"collection":[{"href":"https:\/\/vocesdebaires.com.ar\/index.php\/wp-json\/wp\/v2\/posts"}],"about":[{"href":"https:\/\/vocesdebaires.com.ar\/index.php\/wp-json\/wp\/v2\/types\/post"}],"author":[{"embeddable":true,"href":"https:\/\/vocesdebaires.com.ar\/index.php\/wp-json\/wp\/v2\/users\/2"}],"replies":[{"embeddable":true,"href":"https:\/\/vocesdebaires.com.ar\/index.php\/wp-json\/wp\/v2\/comments?post=41673"}],"version-history":[{"count":2,"href":"https:\/\/vocesdebaires.com.ar\/index.php\/wp-json\/wp\/v2\/posts\/41673\/revisions"}],"predecessor-version":[{"id":41676,"href":"https:\/\/vocesdebaires.com.ar\/index.php\/wp-json\/wp\/v2\/posts\/41673\/revisions\/41676"}],"wp:featuredmedia":[{"embeddable":true,"href":"https:\/\/vocesdebaires.com.ar\/index.php\/wp-json\/wp\/v2\/media\/41674"}],"wp:attachment":[{"href":"https:\/\/vocesdebaires.com.ar\/index.php\/wp-json\/wp\/v2\/media?parent=41673"}],"wp:term":[{"taxonomy":"category","embeddable":true,"href":"https:\/\/vocesdebaires.com.ar\/index.php\/wp-json\/wp\/v2\/categories?post=41673"},{"taxonomy":"post_tag","embeddable":true,"href":"https:\/\/vocesdebaires.com.ar\/index.php\/wp-json\/wp\/v2\/tags?post=41673"}],"curies":[{"name":"wp","href":"https:\/\/api.w.org\/{rel}","templated":true}]}}