{"id":41677,"date":"2022-12-08T14:12:55","date_gmt":"2022-12-08T17:12:55","guid":{"rendered":"https:\/\/vocesdebaires.com.ar\/?p=41677"},"modified":"2022-12-08T14:12:55","modified_gmt":"2022-12-08T17:12:55","slug":"santilli-e-iguacel-reclamaron-la-eliminacion-de-las-tasas-municipales","status":"publish","type":"post","link":"https:\/\/vocesdebaires.com.ar\/index.php\/2022\/12\/08\/santilli-e-iguacel-reclamaron-la-eliminacion-de-las-tasas-municipales\/","title":{"rendered":"Santilli e Iguacel, reclamaron la eliminaci\u00f3n de las tasas municipales"},"content":{"rendered":"<p>El diputado nacional Diego Santilli y el intendente de Capit\u00e1n Sarmiento Javier Iguacel, recorrieron hoy la localidad de Ituzaing\u00f3. Acompa\u00f1ados por el concejal de Juntos por el Cambio, Gast\u00f3n di Castelnuovo, se reunieron con vecinos y comerciantes, y luego realizaron una caminata por el centro comercial. \u00abEstamos trabajando con Javier, los intendentes de nuestro espacio y los candidatos a intendentes en un programa de eliminaci\u00f3n de tasas y simplificaci\u00f3n impositiva. No es posible generar trabajo, apuntalar la inversi\u00f3n productiva y generarle alivio fiscal a los bonaerenses con esta asfixiante presi\u00f3n impositiva\u00bb, afirm\u00f3 Santilli.<\/p>\n<p>\u00abTenemos que impulsar una rebaja impositiva en todos los \u00f3rdenes de la provincia para empezar a producir, invertir y aliviarle el bolsillo a los contribuyentes\u00bb, concluy\u00f3 el diputado nacional de Juntos. El intendente de Capit\u00e1n Sarmiento, Javier Iguacel, fue uno de los primeros que impuls\u00f3 en su gesti\u00f3n la eliminaci\u00f3n de tasas municipales y obtuvo recaudaci\u00f3n r\u00e9cord. Lo mismo hicieron Diego Valenzuela en Tres de Febrero, Julio Garro en La Plata y Guillermo Montenegro en Mar del Plata, entre otros.<\/p>\n<p>Junto a Santilli, Iguacel y Di Castelnuovo, estuvieron tambi\u00e9n los referentes de La Territorial y candidatos a intendentes en Tigre, Segundo Cernadas; en Jos\u00e9 C. Paz, Ezequiel Pazos Verno; en Hurlingham, Lucas Delfino; y en San Fernando, Agustina Ciarletta. M\u00e1s tarde, Santilli se traslad\u00f3 a Moreno donde fue recibido por An\u00edbal Asseff, ex senador provincial y referente de Juntos por el Cambio en el distrito. Junto a la diputada provincial Claudia Rucci, visitaron el centro comercial y mantuvieron una reuni\u00f3n con m\u00e1s de 200 vecinos en el caf\u00e9 La Farola.<\/p>\n","protected":false},"excerpt":{"rendered":"<p>El diputado nacional Diego Santilli y el intendente de Capit\u00e1n Sarmiento Javier Iguacel, recorrieron hoy la localidad de Ituzaing\u00f3. Acompa\u00f1ados por el concejal de Juntos por el Cambio, Gast\u00f3n di Castelnuovo, se reunieron con vecinos y comerciantes, y luego realizaron una caminata por el centro comercial. \u00abEstamos trabajando con Javier, los intendentes de nuestro espacio [&hellip;]<\/p>\n","protected":false},"author":2,"featured_media":41678,"comment_status":"open","ping_status":"open","sticky":false,"template":"","format":"standard","meta":{"_et_pb_use_builder":"","_et_pb_old_content":"","_et_gb_content_width":"","footnotes":""},"categories":[34,13],"tags":[],"class_list":["post-41677","post","type-post","status-publish","format-standard","has-post-thumbnail","hentry","category-politica","category-provincia"],"_links":{"self":[{"href":"https:\/\/vocesdebaires.com.ar\/index.php\/wp-json\/wp\/v2\/posts\/41677"}],"collection":[{"href":"https:\/\/vocesdebaires.com.ar\/index.php\/wp-json\/wp\/v2\/posts"}],"about":[{"href":"https:\/\/vocesdebaires.com.ar\/index.php\/wp-json\/wp\/v2\/types\/post"}],"author":[{"embeddable":true,"href":"https:\/\/vocesdebaires.com.ar\/index.php\/wp-json\/wp\/v2\/users\/2"}],"replies":[{"embeddable":true,"href":"https:\/\/vocesdebaires.com.ar\/index.php\/wp-json\/wp\/v2\/comments?post=41677"}],"version-history":[{"count":1,"href":"https:\/\/vocesdebaires.com.ar\/index.php\/wp-json\/wp\/v2\/posts\/41677\/revisions"}],"predecessor-version":[{"id":41679,"href":"https:\/\/vocesdebaires.com.ar\/index.php\/wp-json\/wp\/v2\/posts\/41677\/revisions\/41679"}],"wp:featuredmedia":[{"embeddable":true,"href":"https:\/\/vocesdebaires.com.ar\/index.php\/wp-json\/wp\/v2\/media\/41678"}],"wp:attachment":[{"href":"https:\/\/vocesdebaires.com.ar\/index.php\/wp-json\/wp\/v2\/media?parent=41677"}],"wp:term":[{"taxonomy":"category","embeddable":true,"href":"https:\/\/vocesdebaires.com.ar\/index.php\/wp-json\/wp\/v2\/categories?post=41677"},{"taxonomy":"post_tag","embeddable":true,"href":"https:\/\/vocesdebaires.com.ar\/index.php\/wp-json\/wp\/v2\/tags?post=41677"}],"curies":[{"name":"wp","href":"https:\/\/api.w.org\/{rel}","templated":true}]}}