{"id":41680,"date":"2022-12-08T14:16:10","date_gmt":"2022-12-08T17:16:10","guid":{"rendered":"https:\/\/vocesdebaires.com.ar\/?p=41680"},"modified":"2022-12-08T14:16:10","modified_gmt":"2022-12-08T17:16:10","slug":"la-ciudad-convoca-a-voluntarios-para-la-colecta-navidena-2022","status":"publish","type":"post","link":"https:\/\/vocesdebaires.com.ar\/index.php\/2022\/12\/08\/la-ciudad-convoca-a-voluntarios-para-la-colecta-navidena-2022\/","title":{"rendered":"La Ciudad convoca a voluntarios para la Colecta Navide\u00f1a 2022"},"content":{"rendered":"<p>La Ciudad, a trav\u00e9s de Participaci\u00f3n Ciudadana, vuelve a convocar voluntarios para una nueva Colecta Navide\u00f1a. Esta se llevar\u00e1 a cabo el jueves 15 y viernes 16 de diciembre en diferentes barrios porte\u00f1os. En esos d\u00edas, entre las 10 y las 18 horas, vecinos y vecinas se podr\u00e1n acercar a los puntos espec\u00edficos y entregar juguetes nuevos o en buen estado. A su vez, para formar parte del equipo de voluntarios que colaborar\u00e1 con la recepci\u00f3n, el empaquetado o la entrega de regalos, se debe completar un formulario de inscripci\u00f3n. Hay tiempo para anotarse hasta el lunes 12 de diciembre a las 10 horas. La Ciudad, a trav\u00e9s de Participaci\u00f3n Ciudadana, vuelve a convocar voluntarios para una nueva Colecta Navide\u00f1a.<\/p>\n<p>Esta se llevar\u00e1 a cabo el jueves 15 y viernes 16 de diciembre en diferentes barrios porte\u00f1os. En esos d\u00edas, entre las 10 y las 18 horas, vecinos y vecinas se podr\u00e1n acercar a los puntos espec\u00edficos y entregar juguetes nuevos o en buen estado. A su vez, para formar parte del equipo de voluntarios que colaborar\u00e1 con la recepci\u00f3n, el empaquetado o la entrega de regalos, se debe completar un formulario de inscripci\u00f3n. Hay tiempo para anotarse hasta el lunes 12 de diciembre a las 10 horas. odos los juguetes recolectados ser\u00e1n luego destinados a chicos y chicas de hasta 12 a\u00f1os para que puedan disfrutar de un obsequio en una fecha tan especial.<\/p>\n<p><strong>Vecinos y vecinas se podr\u00e1n acercar a los siguientes puntos:<\/strong><br \/>\n<strong>Belgrano:<\/strong><br \/>\nAv. Cabildo y Juramento.<br \/>\nAv. Cabildo y Federico Lacroze.<\/p>\n<p><strong>Palermo:<\/strong><br \/>\nAv. C\u00f3rdoba y Av. Scalabrini Ortiz.<\/p>\n<p><strong>Recole<\/strong>ta:<br \/>\nAv. Santa Fe y Av. Callao.<br \/>\nAv. Las Heras y Av. Pueyrred\u00f3n.<\/p>\n<p><strong>Caballito:<\/strong><br \/>\nAv. Acoyte y Av. Rivadavia.<br \/>\nAv. La Plata y Av. Rivadavia.<\/p>\n","protected":false},"excerpt":{"rendered":"<p>La Ciudad, a trav\u00e9s de Participaci\u00f3n Ciudadana, vuelve a convocar voluntarios para una nueva Colecta Navide\u00f1a. Esta se llevar\u00e1 a cabo el jueves 15 y viernes 16 de diciembre en diferentes barrios porte\u00f1os. En esos d\u00edas, entre las 10 y las 18 horas, vecinos y vecinas se podr\u00e1n acercar a los puntos espec\u00edficos y entregar [&hellip;]<\/p>\n","protected":false},"author":2,"featured_media":41681,"comment_status":"open","ping_status":"open","sticky":false,"template":"","format":"standard","meta":{"_et_pb_use_builder":"","_et_pb_old_content":"","_et_gb_content_width":"","footnotes":""},"categories":[11,33],"tags":[],"class_list":["post-41680","post","type-post","status-publish","format-standard","has-post-thumbnail","hentry","category-ciudad","category-sociedad-y-cultura-2"],"_links":{"self":[{"href":"https:\/\/vocesdebaires.com.ar\/index.php\/wp-json\/wp\/v2\/posts\/41680"}],"collection":[{"href":"https:\/\/vocesdebaires.com.ar\/index.php\/wp-json\/wp\/v2\/posts"}],"about":[{"href":"https:\/\/vocesdebaires.com.ar\/index.php\/wp-json\/wp\/v2\/types\/post"}],"author":[{"embeddable":true,"href":"https:\/\/vocesdebaires.com.ar\/index.php\/wp-json\/wp\/v2\/users\/2"}],"replies":[{"embeddable":true,"href":"https:\/\/vocesdebaires.com.ar\/index.php\/wp-json\/wp\/v2\/comments?post=41680"}],"version-history":[{"count":1,"href":"https:\/\/vocesdebaires.com.ar\/index.php\/wp-json\/wp\/v2\/posts\/41680\/revisions"}],"predecessor-version":[{"id":41682,"href":"https:\/\/vocesdebaires.com.ar\/index.php\/wp-json\/wp\/v2\/posts\/41680\/revisions\/41682"}],"wp:featuredmedia":[{"embeddable":true,"href":"https:\/\/vocesdebaires.com.ar\/index.php\/wp-json\/wp\/v2\/media\/41681"}],"wp:attachment":[{"href":"https:\/\/vocesdebaires.com.ar\/index.php\/wp-json\/wp\/v2\/media?parent=41680"}],"wp:term":[{"taxonomy":"category","embeddable":true,"href":"https:\/\/vocesdebaires.com.ar\/index.php\/wp-json\/wp\/v2\/categories?post=41680"},{"taxonomy":"post_tag","embeddable":true,"href":"https:\/\/vocesdebaires.com.ar\/index.php\/wp-json\/wp\/v2\/tags?post=41680"}],"curies":[{"name":"wp","href":"https:\/\/api.w.org\/{rel}","templated":true}]}}