{"id":41683,"date":"2022-12-08T14:23:01","date_gmt":"2022-12-08T17:23:01","guid":{"rendered":"https:\/\/vocesdebaires.com.ar\/?p=41683"},"modified":"2022-12-08T14:23:01","modified_gmt":"2022-12-08T17:23:01","slug":"ciudadel-artista-gaston-giraldez-es-personalidad-destacada","status":"publish","type":"post","link":"https:\/\/vocesdebaires.com.ar\/index.php\/2022\/12\/08\/ciudadel-artista-gaston-giraldez-es-personalidad-destacada\/","title":{"rendered":"Ciudad:El artista Gast\u00f3n Giraldez es personalidad destacada"},"content":{"rendered":"<p>El Cuerpo Legislativo de la Ciudad declar\u00f3 al artista callejero Gast\u00f3n \u201cEl Budatom\u201d Giraldez como Personalidad Destacada en el \u00e1mbito de la Cultura. El acto se llev\u00f3 a cabo en el Sal\u00f3n Montevideo y cont\u00f3 con la presencia de la legisladora porte\u00f1a y autora del proyecto Mar\u00eda Luisa Gonz\u00e1lez Estevarena (VJ) y el homenajeado. \u201cGast\u00f3n le pone color a la vida, a las veredas y a nuestra querida Ciudad de Buenos Aires\u201d, resalt\u00f3 la legisladora, en el comienzo de las alocuciones.<\/p>\n<p>En ese sentido, tambi\u00e9n destac\u00f3 que es \u201cun artista completo\u201d y que su obra nos invita a reflexionar sobre la realidad. \u201cEs un reconocimiento de toda la ciudad a su arte\u201d, agreg\u00f3 la diputada. Por su parte, Giraldez agradeci\u00f3 a Gonz\u00e1lez Estevarena por la declaraci\u00f3n. Tambi\u00e9n rememor\u00f3 su llegada a la Ciudad y el comienzo de su carrera art\u00edstica. \u201cLo que sucede es que habl\u00e0s con la gente, socializas mucho. Y ah\u00ed urge la verdadera acci\u00f3n de lo que hago\u201d, agreg\u00f3 el artista, en relaci\u00f3n a sus obras y su trabajo en la v\u00eda p\u00fablica.<\/p>\n<p>\u201cEl futuro que uno quiere no necesariamente es plata o estar en una casa propia, a veces el futuro es dejar una marca en el mundo. Y mi marca art\u00edstica deb\u00eda ser m\u00e1s ruidosa, que todos la vean. Eso es trascender\u201d, concluy\u00f3 El Budatom. Gast\u00f3n Giraldez -mejor conocido como \u201cEl Buda\u201d o \u201cEl Budatom\u201d- es un artista pl\u00e1stico e ilustrador callejero, que supo darle color y vida a las veredas de la Ciudad de Buenos Aires con sus dibujos de personajes famosos durante varios a\u00f1os, a trav\u00e9s de la t\u00e9cnica de la tiza.<\/p>\n<p>Entre sus obras resaltan figuras populares como Diego Armando Maradona, Carlos Gardel, Fito P\u00e1ez, Mercedes Sosa, Le\u00f3n Gieco y Luis Alberto Spinetta, entre otros. A su vez, hizo un dise\u00f1o para la empresa de ropa del cantautor canadiense Justin Bieber y dise\u00f1\u00f3 remeras para la cl\u00e1sica marca de remeras Sun Surf. Tambi\u00e9n dise\u00f1\u00f3 dibujos para posters de pel\u00edculas, tapas de libros y promociones para el programa radial \u201cEl Club del Moro\u201d.<\/p>\n","protected":false},"excerpt":{"rendered":"<p>El Cuerpo Legislativo de la Ciudad declar\u00f3 al artista callejero Gast\u00f3n \u201cEl Budatom\u201d Giraldez como Personalidad Destacada en el \u00e1mbito de la Cultura. El acto se llev\u00f3 a cabo en el Sal\u00f3n Montevideo y cont\u00f3 con la presencia de la legisladora porte\u00f1a y autora del proyecto Mar\u00eda Luisa Gonz\u00e1lez Estevarena (VJ) y el homenajeado. \u201cGast\u00f3n [&hellip;]<\/p>\n","protected":false},"author":2,"featured_media":41684,"comment_status":"open","ping_status":"open","sticky":false,"template":"","format":"standard","meta":{"_et_pb_use_builder":"","_et_pb_old_content":"","_et_gb_content_width":"","footnotes":""},"categories":[11,33],"tags":[],"class_list":["post-41683","post","type-post","status-publish","format-standard","has-post-thumbnail","hentry","category-ciudad","category-sociedad-y-cultura-2"],"_links":{"self":[{"href":"https:\/\/vocesdebaires.com.ar\/index.php\/wp-json\/wp\/v2\/posts\/41683"}],"collection":[{"href":"https:\/\/vocesdebaires.com.ar\/index.php\/wp-json\/wp\/v2\/posts"}],"about":[{"href":"https:\/\/vocesdebaires.com.ar\/index.php\/wp-json\/wp\/v2\/types\/post"}],"author":[{"embeddable":true,"href":"https:\/\/vocesdebaires.com.ar\/index.php\/wp-json\/wp\/v2\/users\/2"}],"replies":[{"embeddable":true,"href":"https:\/\/vocesdebaires.com.ar\/index.php\/wp-json\/wp\/v2\/comments?post=41683"}],"version-history":[{"count":1,"href":"https:\/\/vocesdebaires.com.ar\/index.php\/wp-json\/wp\/v2\/posts\/41683\/revisions"}],"predecessor-version":[{"id":41685,"href":"https:\/\/vocesdebaires.com.ar\/index.php\/wp-json\/wp\/v2\/posts\/41683\/revisions\/41685"}],"wp:featuredmedia":[{"embeddable":true,"href":"https:\/\/vocesdebaires.com.ar\/index.php\/wp-json\/wp\/v2\/media\/41684"}],"wp:attachment":[{"href":"https:\/\/vocesdebaires.com.ar\/index.php\/wp-json\/wp\/v2\/media?parent=41683"}],"wp:term":[{"taxonomy":"category","embeddable":true,"href":"https:\/\/vocesdebaires.com.ar\/index.php\/wp-json\/wp\/v2\/categories?post=41683"},{"taxonomy":"post_tag","embeddable":true,"href":"https:\/\/vocesdebaires.com.ar\/index.php\/wp-json\/wp\/v2\/tags?post=41683"}],"curies":[{"name":"wp","href":"https:\/\/api.w.org\/{rel}","templated":true}]}}