{"id":41686,"date":"2022-12-08T14:28:06","date_gmt":"2022-12-08T17:28:06","guid":{"rendered":"https:\/\/vocesdebaires.com.ar\/?p=41686"},"modified":"2022-12-08T14:28:06","modified_gmt":"2022-12-08T17:28:06","slug":"cronograma-de-servicios-publicos-para-hoy-jueves-y-manana-viernes","status":"publish","type":"post","link":"https:\/\/vocesdebaires.com.ar\/index.php\/2022\/12\/08\/cronograma-de-servicios-publicos-para-hoy-jueves-y-manana-viernes\/","title":{"rendered":"Cronograma de Servicios P\u00fablicos para hoy jueves y ma\u00f1ana viernes"},"content":{"rendered":"<p>El Gobierno de la Ciudad Aut\u00f3noma de Buenos Aires informa el cronograma de servicios p\u00fablicos para el jueves 8 y viernes 9 de diciembre, feriado por el D\u00eda de la Inmaculada Concepci\u00f3n de Mar\u00eda.\u00a0 Hospitales: funcionar\u00e1n las guardias, el SAME y las Unidades Febriles de Urgencia. Tambi\u00e9n los centros de testeos con atenci\u00f3n espec\u00edfica.<\/p>\n<p><strong>Escuelas: cerradas.<\/strong><br \/>\nCementerios: las inhumaciones en los Cementerios de Chacarita, Flores, Recoleta y el ingreso de los fallecidos al Crematorio de la Ciudad Aut\u00f3noma de Buenos Aires se realizar\u00e1n en el horario de 7.30 a 14 horas a destino, recepcion\u00e1ndose el \u00faltimo tr\u00e1mite a las 13 e inici\u00e1ndose la \u00faltima inhumaci\u00f3n a las 13.30.<br \/>\nAdministraci\u00f3n Gubernamental de Ingresos P\u00fablicos y Direcci\u00f3n General de Rentas: cerradas.<\/p>\n<p><strong>Sedes Comunales: cerradas.<\/strong><br \/>\nRegistro Civil: permanecer\u00e1 cerrado. Funcionar\u00e1 s\u00f3lo la guardia de defunciones de 8 a 12.30.<br \/>\nRecolecci\u00f3n de residuos: el servicio funcionar\u00e1 de manera habitual.<\/p>\n<p>Estacionamiento: estar\u00e1 permitido estacionar sobre las avenidas y calles donde est\u00e1 prohibido estacionar los d\u00edas h\u00e1biles de 7 a 21 horas. No estar\u00e1 permitido estacionar sobre avenidas o calles donde est\u00e1 prohibido estacionar las 24 horas. El estacionamiento medido no tendr\u00e1 vigencia. En las rampas, veredas, ochavas, cocheras, paradas de colectivo, calles de convivencia, espacios reservados para personas con discapacidad, espacios reservados para cl\u00ednicas y hospitales y cajones de carga y descarga, sigue rigiendo la prohibici\u00f3n durante las 24 horas. Adem\u00e1s no habr\u00e1 restricci\u00f3n de ingreso a Centro y Tribunales peatonal. M\u00e1s informaci\u00f3n.<\/p>\n<p>Subtes y premetro: el jueves el servicio funcionar\u00e1 desde las 7 hasta las 22 horas, mientras que el viernes lo har\u00e1 desde las 8 hasta las 22 horas, a excepci\u00f3n de las l\u00edneas A y D, que contin\u00faan con obras. En este sentido, el servicio de la l\u00ednea A funcionar\u00e1 desde las 8.30 hasta las 22 horas; y el de la D desde las 8.30 hasta las 20.30. Consultar horario ac\u00e1. A su vez, el premetro lo har\u00e1 de 7 a 21 horas el jueves, y de 8 a 21 horas el viernes.<br \/>\nEcobici: los usuarios de Ecobici tendr\u00e1n las siguientes opciones:<\/p>\n<p>Recreativo: Viaje \u00fanico: $130 &#8211; 1 viaje de hasta 30 minutos los s\u00e1bados, domingos y feriados; Diario: $280 &#8211; 6 viajes diarios de hasta 60 minutos. Intensivo: Diario: $280 &#8211; hasta 6 viajes diarios de hasta 60 minutos; Mensual: $1.275 &#8211; hasta 6 viajes de 60 minutos al d\u00eda durante un mes; Anual: $10.890 &#8211; hasta 6 viajes de 60 minutos al d\u00eda durante un a\u00f1o. Tur\u00edstico: (s\u00f3lo para turistas extranjeros): Diario: $280 &#8211; hasta 6 viajes diarios de hasta 60 minutos; 3 d\u00edas: $3.500 &#8211; viajes ilimitados de hasta 120 minutos, durante 72 horas; 7 d\u00edas: $4.200 &#8211; viajes ilimitados de hasta 120 minutos, durante 7 d\u00edas; Viaje \u00fanico: $500 &#8211; 1 viaje de hasta 30 minutos.<\/p>\n<p>Peajes: los peajes funcionar\u00e1n con normalidad, tomando como hora pico el horario de fin de semana, es decir, de 11 a 15 horas sentido Provincia, y de 17 a 21 horas sentido Centro. Importante: el viernes la Autopista Illia cerrar\u00e1 en ambos sentidos de 6 a 16 horas debido a obras.<\/p>\n<p><strong>Registro de licencias para conducir, sede Roca: cerrada.<\/strong><br \/>\nPista de aprendizaje: estar\u00e1 abierta y funcionar\u00e1 normalmente (el viernes lo har\u00e1 hasta las 14.15). Para poder utilizar el espacio de forma segura y responsable los vecinos y vecinas deber\u00e1n sacar turno con anticipaci\u00f3n.<br \/>\nVerificaci\u00f3n T\u00e9cnica Vehicular: las siete plantas permanecer\u00e1n cerradas.<br \/>\nDirecci\u00f3n General de Infracciones: cerrada.<br \/>\nPolic\u00eda y Bomberos de la Ciudad + Emergencias L\u00ednea 911; Log\u00edstica, Defensa Civil, Guardia de Auxilio y Emergencias + L\u00ednea 103: guardias activas las 24 horas.<\/p>\n<p><strong>Parques:<\/strong><br \/>\nReserva Ecol\u00f3gica Lago Lugano: abierta de 9 a 18 horas.<br \/>\nJard\u00edn Bot\u00e1nico Carlos Thays: abierto de 9.30 a 19 horas.<br \/>\nEcoparque: abierto de 11 a 18 horas.<br \/>\nReserva Ecol\u00f3gica Costanera Sur: abierta de 8 a 19 horas.<br \/>\nReserva Ecol\u00f3gica Ciudad Universitaria Costanera Norte: abierta de 9 a 18 horas.<br \/>\nTodos los parques cierran en caso de lluvia.<\/p>\n<p>Museos: abiertos de 12 a 20 horas. M\u00e1s informaci\u00f3n.<br \/>\nBibliotecas p\u00fablicas: cerradas (excepto Parque de la Estaci\u00f3n y Casa de la Lectura, que estar\u00e1n abiertos de 10 a 20 horas).<\/p>\n<p><strong>Teatros dependientes del GCBA:<\/strong><br \/>\nComplejo Teatral de Buenos Aires: cerrado.<br \/>\nCentro Cultural San Mart\u00edn: cerrado.<br \/>\nCentro Cultural 25 de Mayo: cerrado.<br \/>\nCentro Cultural Recoleta: el jueves, cerrado; el viernes, abierto de 11.15 a 22 horas.<br \/>\nTeatro Col\u00f3n: habr\u00e1 visitas guiadas de 9 a 17 horas. A su vez, Col\u00f3n F\u00e1brica estar\u00e1 abierto para visitas de 12 a 18 horas.<br \/>\nUsina del Arte: abierta de 11 a 20 horas.<\/p>\n","protected":false},"excerpt":{"rendered":"<p>El Gobierno de la Ciudad Aut\u00f3noma de Buenos Aires informa el cronograma de servicios p\u00fablicos para el jueves 8 y viernes 9 de diciembre, feriado por el D\u00eda de la Inmaculada Concepci\u00f3n de Mar\u00eda.\u00a0 Hospitales: funcionar\u00e1n las guardias, el SAME y las Unidades Febriles de Urgencia. Tambi\u00e9n los centros de testeos con atenci\u00f3n espec\u00edfica. Escuelas: [&hellip;]<\/p>\n","protected":false},"author":2,"featured_media":41687,"comment_status":"open","ping_status":"open","sticky":false,"template":"","format":"standard","meta":{"_et_pb_use_builder":"","_et_pb_old_content":"","_et_gb_content_width":"","footnotes":""},"categories":[11,33],"tags":[],"class_list":["post-41686","post","type-post","status-publish","format-standard","has-post-thumbnail","hentry","category-ciudad","category-sociedad-y-cultura-2"],"_links":{"self":[{"href":"https:\/\/vocesdebaires.com.ar\/index.php\/wp-json\/wp\/v2\/posts\/41686"}],"collection":[{"href":"https:\/\/vocesdebaires.com.ar\/index.php\/wp-json\/wp\/v2\/posts"}],"about":[{"href":"https:\/\/vocesdebaires.com.ar\/index.php\/wp-json\/wp\/v2\/types\/post"}],"author":[{"embeddable":true,"href":"https:\/\/vocesdebaires.com.ar\/index.php\/wp-json\/wp\/v2\/users\/2"}],"replies":[{"embeddable":true,"href":"https:\/\/vocesdebaires.com.ar\/index.php\/wp-json\/wp\/v2\/comments?post=41686"}],"version-history":[{"count":1,"href":"https:\/\/vocesdebaires.com.ar\/index.php\/wp-json\/wp\/v2\/posts\/41686\/revisions"}],"predecessor-version":[{"id":41688,"href":"https:\/\/vocesdebaires.com.ar\/index.php\/wp-json\/wp\/v2\/posts\/41686\/revisions\/41688"}],"wp:featuredmedia":[{"embeddable":true,"href":"https:\/\/vocesdebaires.com.ar\/index.php\/wp-json\/wp\/v2\/media\/41687"}],"wp:attachment":[{"href":"https:\/\/vocesdebaires.com.ar\/index.php\/wp-json\/wp\/v2\/media?parent=41686"}],"wp:term":[{"taxonomy":"category","embeddable":true,"href":"https:\/\/vocesdebaires.com.ar\/index.php\/wp-json\/wp\/v2\/categories?post=41686"},{"taxonomy":"post_tag","embeddable":true,"href":"https:\/\/vocesdebaires.com.ar\/index.php\/wp-json\/wp\/v2\/tags?post=41686"}],"curies":[{"name":"wp","href":"https:\/\/api.w.org\/{rel}","templated":true}]}}