{"id":41696,"date":"2022-12-09T03:06:00","date_gmt":"2022-12-09T06:06:00","guid":{"rendered":"https:\/\/vocesdebaires.com.ar\/?p=41696"},"modified":"2022-12-09T03:06:00","modified_gmt":"2022-12-09T06:06:00","slug":"centro-cultural-san-martinla-ciudad-entrego-los-premios-lola-mora-2022","status":"publish","type":"post","link":"https:\/\/vocesdebaires.com.ar\/index.php\/2022\/12\/09\/centro-cultural-san-martinla-ciudad-entrego-los-premios-lola-mora-2022\/","title":{"rendered":"Centro Cultural San Mart\u00edn:La Ciudad entreg\u00f3 los Premios Lola Mora 2022"},"content":{"rendered":"<p>Como cada a\u00f1o desde el 2000, el Gobierno de la Ciudad de Buenos Aires entreg\u00f3 los Premios \u201cLola Mora\u201d. En una ceremonia realizada en el Centro Cultural San Mart\u00edn, la Direcci\u00f3n General de la Mujer del Ministerio de Desarrollo Humano y H\u00e1bitat porte\u00f1o, otorg\u00f3 los galardones a quienes, en distintos medios de comunicaci\u00f3n y divulgaci\u00f3n, muestran una imagen positiva de las mujeres que rompe con los estereotipos de g\u00e9nero, promueve la igualdad de oportunidades y sus derechos.<\/p>\n<p>La entrega de los tradicionales galardones fue encabezada por Carolina Barone, directora general de la Mujer. Adem\u00e1s, participaron de la premiaci\u00f3n, Pamela Malewicz, subsecretaria de Derechos Humanos y Pluralismo Cultural; Mariana di Palma, directora general de violencia de g\u00e9nero del Ministerio de Justicia y Seguridad, Mar\u00eda Maratea, directora general de Inclusi\u00f3n Laboral de Mujeres; Natalia Roji, directora general de Gesti\u00f3n P\u00fablica para la Igualdad de G\u00e9nero; Natacha Steinberg, directora general de Convivencia en la Diversidad; Sol Mendez, diputada nacional y presidenta de la Comisi\u00f3n de Comunicaci\u00f3n Social y Diego Berardo, Director General del Centro Cultural Gral. San Mart\u00edn.<\/p>\n<p>\u201cEs fundamental ratificar el apoyo a cada una de las mujeres periodistas, que seg\u00fan reportes de organizaciones reconocidas, sufren situaciones de acoso y abuso en el \u00e1mbito laboral, en coberturas period\u00edsticas, tambi\u00e9n acoso digital y que reciben ataques permanentes a su libertad de expresi\u00f3n. A ellas, a ustedes, no est\u00e1n solas.\u00a0 Queremos acompa\u00f1arlas, visibilizar su trabajo y colaborar en proponer iniciativas que igualen la cancha y otorguen m\u00e1s derechos. Cuentan con nosotras\u201d, expres\u00f3 Carolina Barone, Directora General de la Mujer. Para finalizar, Barone resalt\u00f3 que \u201ceste encuentro es una celebraci\u00f3n para honrar a quienes trabajan d\u00eda a d\u00eda para mostrar y demostrar que la agenda de g\u00e9nero es una agenda de derechos humanos, que la feminizaci\u00f3n de la desigualdad es una clara y evidente deuda que persiste\u201d.<\/p>\n","protected":false},"excerpt":{"rendered":"<p>Como cada a\u00f1o desde el 2000, el Gobierno de la Ciudad de Buenos Aires entreg\u00f3 los Premios \u201cLola Mora\u201d. En una ceremonia realizada en el Centro Cultural San Mart\u00edn, la Direcci\u00f3n General de la Mujer del Ministerio de Desarrollo Humano y H\u00e1bitat porte\u00f1o, otorg\u00f3 los galardones a quienes, en distintos medios de comunicaci\u00f3n y divulgaci\u00f3n, [&hellip;]<\/p>\n","protected":false},"author":2,"featured_media":41697,"comment_status":"open","ping_status":"open","sticky":false,"template":"","format":"standard","meta":{"_et_pb_use_builder":"","_et_pb_old_content":"","_et_gb_content_width":"","footnotes":""},"categories":[11,33],"tags":[],"class_list":["post-41696","post","type-post","status-publish","format-standard","has-post-thumbnail","hentry","category-ciudad","category-sociedad-y-cultura-2"],"_links":{"self":[{"href":"https:\/\/vocesdebaires.com.ar\/index.php\/wp-json\/wp\/v2\/posts\/41696"}],"collection":[{"href":"https:\/\/vocesdebaires.com.ar\/index.php\/wp-json\/wp\/v2\/posts"}],"about":[{"href":"https:\/\/vocesdebaires.com.ar\/index.php\/wp-json\/wp\/v2\/types\/post"}],"author":[{"embeddable":true,"href":"https:\/\/vocesdebaires.com.ar\/index.php\/wp-json\/wp\/v2\/users\/2"}],"replies":[{"embeddable":true,"href":"https:\/\/vocesdebaires.com.ar\/index.php\/wp-json\/wp\/v2\/comments?post=41696"}],"version-history":[{"count":1,"href":"https:\/\/vocesdebaires.com.ar\/index.php\/wp-json\/wp\/v2\/posts\/41696\/revisions"}],"predecessor-version":[{"id":41699,"href":"https:\/\/vocesdebaires.com.ar\/index.php\/wp-json\/wp\/v2\/posts\/41696\/revisions\/41699"}],"wp:featuredmedia":[{"embeddable":true,"href":"https:\/\/vocesdebaires.com.ar\/index.php\/wp-json\/wp\/v2\/media\/41697"}],"wp:attachment":[{"href":"https:\/\/vocesdebaires.com.ar\/index.php\/wp-json\/wp\/v2\/media?parent=41696"}],"wp:term":[{"taxonomy":"category","embeddable":true,"href":"https:\/\/vocesdebaires.com.ar\/index.php\/wp-json\/wp\/v2\/categories?post=41696"},{"taxonomy":"post_tag","embeddable":true,"href":"https:\/\/vocesdebaires.com.ar\/index.php\/wp-json\/wp\/v2\/tags?post=41696"}],"curies":[{"name":"wp","href":"https:\/\/api.w.org\/{rel}","templated":true}]}}