{"id":41700,"date":"2022-12-09T03:15:01","date_gmt":"2022-12-09T06:15:01","guid":{"rendered":"https:\/\/vocesdebaires.com.ar\/?p=41700"},"modified":"2022-12-09T03:15:01","modified_gmt":"2022-12-09T06:15:01","slug":"la-cadena-el-ateneo-fue-declarada-de-interes-para-la-cuidad","status":"publish","type":"post","link":"https:\/\/vocesdebaires.com.ar\/index.php\/2022\/12\/09\/la-cadena-el-ateneo-fue-declarada-de-interes-para-la-cuidad\/","title":{"rendered":"La cadena el Ateneo fue declarada de inter\u00e9s para la cuidad"},"content":{"rendered":"<p>El Cuerpo Legislativo declar\u00f3 de Inter\u00e9s Cultural para la Ciudad a la librer\u00eda El Ateneo por sus 110 a\u00f1os de historia. El acto se llev\u00f3 a cabo en la Biblioteca Esteban Echeverr\u00eda y cont\u00f3 con la presencia del legislador y autor del proyecto el legislador porte\u00f1o Juan Pablo Arenaza (VJ), los responsables de Comunicaci\u00f3n y Marketing del Grupo Ilhsa Melina Dorfman y Hugo Cayssials.<br \/>\nEn el comienzo de las alocuciones, Arenaza brind\u00f3 la bienvenida y subray\u00f3: \u201cla tarea que hacen es fundamental para la cultura del pa\u00eds y de la Ciudad\u201d. Tambi\u00e9n destac\u00f3 el valor cultural de la Ciudad de Buenos Aires, \u201cuna de las ciudades con mayor concentraci\u00f3n de librer\u00edas en el mundo\u201d.<\/p>\n<p>Por su parte, Dorfman relat\u00f3 la historia de El Ateneo y en c\u00f3mo varias figuras de la cultura popular pasaron por la librer\u00eda como Jorge Luis Borges, Mar\u00eda Elena Walsh, John Katzenbach, Ray Bradbury, Charly Garc\u00eda, Fito P\u00e1ez y Soda Stereo, entre muchos otros. \u201cNos gusta pensar en la cultura como en un gran juego, que nos mantiene cobijados en las buenas y en las malas\u201d, sum\u00f3 Dorfman. Por \u00faltimo Cayssials, concluy\u00f3: \u201cEs un honor recibir esta distinci\u00f3n a una labor de 110 a\u00f1os por generar acciones de inter\u00e9s cultural para los ciudadanos de Buenos Aires, Argentina toda y visitantes extranjeros. Brindamos por muchos a\u00f1os m\u00e1s\u201d.<\/p>\n<p>Este 2022, la cadena de librer\u00edas El Ateneo cumple 110 a\u00f1os en la Ciudad de Buenos Aires. El primer local se inaugur\u00f3 en 1912, en pleno centro porte\u00f1o, en la calle Victoria 653 -hoy Hip\u00f3lito Yrigoyen-, entre Per\u00fa y Chacabuco. Y fue fundada por el inmigrante espa\u00f1ol Pedro Garc\u00eda, que tambi\u00e9n incluy\u00f3 desde un principio su propia editorial. En 1917, el local se mud\u00f3 a Florida 371 y en 1932 se abri\u00f3 otra sucursal en Avenida C\u00f3rdoba 2099, frente a la Facultad de Medicina, donde ofrec\u00eda un importante cat\u00e1logo de esa especialidad. A\u00f1os m\u00e1s tarde El Ateneo de la calle Florida se traslad\u00f3 al tradicional edificio de Florida 340, de cuatro plantas, donde contin\u00faa hasta hoy y cuenta incluso con un auditorio con capacidad para 130 personas y una cafeter\u00eda.<\/p>\n<p>M\u00e1s all\u00e1 de la venta de ejemplares, la vida cultural de este local fue muy rica desde el primer momento. Muchos de autores de renombre se reunieron en Florida durante las Pe\u00f1as de Escritores, luego llamadas Pe\u00f1as de la Amistad. Los habitu\u00e9s de la librer\u00eda fueron Manuel Mujica L\u00e1inez, Jorge Luis Borges, Eduardo Mallea, Horacio Quiroga, Victoria Ocampo, Juli\u00e1n Centeya, Conrado Nal\u00e9 Roxlo, Leopoldo Marechal, Martha Lynch, Ezequiel Mart\u00ednez Estrada, Roberto Giusti, Mar\u00eda Elena Walsh, Juan Filloy y H\u00e9ctor A. Murena, entre otros.<\/p>\n<p>En 1998, Grupo Ilhsa -tambi\u00e9n due\u00f1os de la cadena de librer\u00edas Jenny- adquiri\u00f3 la firma y dos a\u00f1os m\u00e1s tarde sum\u00f3 \u201cEl Ateneo Grand Splendid\u201d, en Avenida Santa Fe 1860, conservando la estructura del viejo cine teatro Grand Splendid. Con una cafeter\u00eda ubicada en el antiguo escenario, sillones y palcos para sentarse a hojear los libros sin obligaci\u00f3n de compra, la experiencia que ofrece es singular. La publicaci\u00f3n National Geographic consider\u00f3 a dicha librer\u00eda como \u201cla m\u00e1s hermosa del mundo\u201d en 2019. En estos 110 a\u00f1os, El Ateneo tambi\u00e9n brind\u00f3 diferentes actividades culturales a lo largo de sus sucursales, que van desde recitales y mesas redondas hasta conferencias, presentaciones y firmas de libros. Y de los que participaron distintos artistas como Ernesto S\u00e1bato y Quino hasta Le\u00f3n Gieco, Les Luthiers y Soda Stereo.<\/p>\n","protected":false},"excerpt":{"rendered":"<p>El Cuerpo Legislativo declar\u00f3 de Inter\u00e9s Cultural para la Ciudad a la librer\u00eda El Ateneo por sus 110 a\u00f1os de historia. El acto se llev\u00f3 a cabo en la Biblioteca Esteban Echeverr\u00eda y cont\u00f3 con la presencia del legislador y autor del proyecto el legislador porte\u00f1o Juan Pablo Arenaza (VJ), los responsables de Comunicaci\u00f3n y [&hellip;]<\/p>\n","protected":false},"author":2,"featured_media":41701,"comment_status":"open","ping_status":"open","sticky":false,"template":"","format":"standard","meta":{"_et_pb_use_builder":"","_et_pb_old_content":"","_et_gb_content_width":"","footnotes":""},"categories":[11,33],"tags":[],"class_list":["post-41700","post","type-post","status-publish","format-standard","has-post-thumbnail","hentry","category-ciudad","category-sociedad-y-cultura-2"],"_links":{"self":[{"href":"https:\/\/vocesdebaires.com.ar\/index.php\/wp-json\/wp\/v2\/posts\/41700"}],"collection":[{"href":"https:\/\/vocesdebaires.com.ar\/index.php\/wp-json\/wp\/v2\/posts"}],"about":[{"href":"https:\/\/vocesdebaires.com.ar\/index.php\/wp-json\/wp\/v2\/types\/post"}],"author":[{"embeddable":true,"href":"https:\/\/vocesdebaires.com.ar\/index.php\/wp-json\/wp\/v2\/users\/2"}],"replies":[{"embeddable":true,"href":"https:\/\/vocesdebaires.com.ar\/index.php\/wp-json\/wp\/v2\/comments?post=41700"}],"version-history":[{"count":1,"href":"https:\/\/vocesdebaires.com.ar\/index.php\/wp-json\/wp\/v2\/posts\/41700\/revisions"}],"predecessor-version":[{"id":41702,"href":"https:\/\/vocesdebaires.com.ar\/index.php\/wp-json\/wp\/v2\/posts\/41700\/revisions\/41702"}],"wp:featuredmedia":[{"embeddable":true,"href":"https:\/\/vocesdebaires.com.ar\/index.php\/wp-json\/wp\/v2\/media\/41701"}],"wp:attachment":[{"href":"https:\/\/vocesdebaires.com.ar\/index.php\/wp-json\/wp\/v2\/media?parent=41700"}],"wp:term":[{"taxonomy":"category","embeddable":true,"href":"https:\/\/vocesdebaires.com.ar\/index.php\/wp-json\/wp\/v2\/categories?post=41700"},{"taxonomy":"post_tag","embeddable":true,"href":"https:\/\/vocesdebaires.com.ar\/index.php\/wp-json\/wp\/v2\/tags?post=41700"}],"curies":[{"name":"wp","href":"https:\/\/api.w.org\/{rel}","templated":true}]}}