{"id":41703,"date":"2022-12-09T03:22:46","date_gmt":"2022-12-09T06:22:46","guid":{"rendered":"https:\/\/vocesdebaires.com.ar\/?p=41703"},"modified":"2022-12-09T03:22:46","modified_gmt":"2022-12-09T06:22:46","slug":"amiatrabajo-social-para-lograr-la-inclusion-y-garantizar-derechos","status":"publish","type":"post","link":"https:\/\/vocesdebaires.com.ar\/index.php\/2022\/12\/09\/amiatrabajo-social-para-lograr-la-inclusion-y-garantizar-derechos\/","title":{"rendered":"AMIA:Trabajo social, para lograr la inclusi\u00f3n y garantizar derechos"},"content":{"rendered":"<p>En el marco del D\u00eda Universal de los Derechos Humanos y del D\u00eda del Trabajo Social, que se celebran cada 10 de diciembre, el departamento de Programas Sociales de AMIA destac\u00f3 la importancia de ambas fechas para renovar el compromiso con la tarea que realizan en pos de garantizar la calidad de vida de las personas, especialmente de los grupos m\u00e1s vulnerables.<br \/>\nA trav\u00e9s de los equipos que integran el Servicio Social, y las \u00e1reas de Personas Mayores, Voluntariado, Infancia y Discapacidad, el sector trabaja, de manera cotidiana, para promover los derechos sociales y garantizar los derechos humanos de la poblaci\u00f3n alcanzada por los diferentes proyectos que llevan adelante.<\/p>\n<p>Los equipos de profesionales que en AMIA se dedican al trabajo social desarrollan una tarea esencial para acompa\u00f1ar y brindar respuestas concretas a las personas que m\u00e1s las necesitan en el \u00e1mbito de la asistencia alimentaria, de salud, vivienda, ropa, apoyo escolar, y socializaci\u00f3n, entre otros muchos aspectos. \u201cCon un enfoque de promoci\u00f3n de los derechos sociales, trabajamos para lograr el desarrollo de la autonom\u00eda de cada persona como sujeto de derecho\u201d, expres\u00f3 Fanny Kohon, directora del \u00e1rea de Programas Sociales de la instituci\u00f3n.<\/p>\n<p>\u201cReparar el mundo es un mandato ancestral y el lema que inspira a cada uno de los proyectos que llevamos adelante en AMIA en el terreno social para generar nuevas oportunidades\u201d, agreg\u00f3 Fanny Kohon. \u201cMejorar la calidad de vida de las personas y fortalecer la inclusi\u00f3n son las grandes metas de nuestro trabajo\u201d. En este marco, el departamento de Programas Sociales de AMIA trabaja tambi\u00e9n de manera articulada con los equipos de El Joint, Jabad y Tzedak\u00e1. Las cuatro organizaciones integran la Red de Protecci\u00f3n Social de la Comunidad Jud\u00eda, una alianza que, sobre el pilar de la cooperaci\u00f3n y el trabajo conjunto, fomenta la inclusi\u00f3n comunitaria y genera proyectos que permiten brindar m\u00e1s y mejores respuestas.<\/p>\n","protected":false},"excerpt":{"rendered":"<p>En el marco del D\u00eda Universal de los Derechos Humanos y del D\u00eda del Trabajo Social, que se celebran cada 10 de diciembre, el departamento de Programas Sociales de AMIA destac\u00f3 la importancia de ambas fechas para renovar el compromiso con la tarea que realizan en pos de garantizar la calidad de vida de las [&hellip;]<\/p>\n","protected":false},"author":2,"featured_media":41704,"comment_status":"open","ping_status":"open","sticky":false,"template":"","format":"standard","meta":{"_et_pb_use_builder":"","_et_pb_old_content":"","_et_gb_content_width":"","footnotes":""},"categories":[11,33],"tags":[],"class_list":["post-41703","post","type-post","status-publish","format-standard","has-post-thumbnail","hentry","category-ciudad","category-sociedad-y-cultura-2"],"_links":{"self":[{"href":"https:\/\/vocesdebaires.com.ar\/index.php\/wp-json\/wp\/v2\/posts\/41703"}],"collection":[{"href":"https:\/\/vocesdebaires.com.ar\/index.php\/wp-json\/wp\/v2\/posts"}],"about":[{"href":"https:\/\/vocesdebaires.com.ar\/index.php\/wp-json\/wp\/v2\/types\/post"}],"author":[{"embeddable":true,"href":"https:\/\/vocesdebaires.com.ar\/index.php\/wp-json\/wp\/v2\/users\/2"}],"replies":[{"embeddable":true,"href":"https:\/\/vocesdebaires.com.ar\/index.php\/wp-json\/wp\/v2\/comments?post=41703"}],"version-history":[{"count":1,"href":"https:\/\/vocesdebaires.com.ar\/index.php\/wp-json\/wp\/v2\/posts\/41703\/revisions"}],"predecessor-version":[{"id":41705,"href":"https:\/\/vocesdebaires.com.ar\/index.php\/wp-json\/wp\/v2\/posts\/41703\/revisions\/41705"}],"wp:featuredmedia":[{"embeddable":true,"href":"https:\/\/vocesdebaires.com.ar\/index.php\/wp-json\/wp\/v2\/media\/41704"}],"wp:attachment":[{"href":"https:\/\/vocesdebaires.com.ar\/index.php\/wp-json\/wp\/v2\/media?parent=41703"}],"wp:term":[{"taxonomy":"category","embeddable":true,"href":"https:\/\/vocesdebaires.com.ar\/index.php\/wp-json\/wp\/v2\/categories?post=41703"},{"taxonomy":"post_tag","embeddable":true,"href":"https:\/\/vocesdebaires.com.ar\/index.php\/wp-json\/wp\/v2\/tags?post=41703"}],"curies":[{"name":"wp","href":"https:\/\/api.w.org\/{rel}","templated":true}]}}