{"id":41706,"date":"2022-12-09T03:28:01","date_gmt":"2022-12-09T06:28:01","guid":{"rendered":"https:\/\/vocesdebaires.com.ar\/?p=41706"},"modified":"2022-12-09T03:28:01","modified_gmt":"2022-12-09T06:28:01","slug":"ciudadconectadas-programa-que-incentiva-y-promueve-a-las-mujeres","status":"publish","type":"post","link":"https:\/\/vocesdebaires.com.ar\/index.php\/2022\/12\/09\/ciudadconectadas-programa-que-incentiva-y-promueve-a-las-mujeres\/","title":{"rendered":"Ciudad:\u201cConectadas\u201d, programa que incentiva y promueve a las mujeres"},"content":{"rendered":"<p>A partir de una iniciativa del legislador porte\u00f1o Roy Cortina (PS), el proyecto \u201cConectadas\u201d fue declarado el pasado martes de Inter\u00e9s por los Derechos Humanos de ni\u00f1as, mujeres y diversidades de g\u00e9nero en la Biblioteca Esteban Echeverr\u00eda de la Legislatura. El programa de \u201cMercado Libre\u201d en colaboraci\u00f3n con \u201cChicas en Tecnolog\u00eda\u201d y \u201cReprograma\u201d apunta a que chicas de entre 14 y 18 a\u00f1os de Sudam\u00e9rica puedan formarse con contenido digital, vinculadas entre s\u00ed, con acompa\u00f1amiento de mujeres profesionales referentes en el \u00e1rea.<\/p>\n<p>\u201cEn una \u00e9poca donde las mujeres van tomando cada vez m\u00e1s y m\u00e1s fuerza como movimiento y avanzando hacia la conquista de nuevos espacios de empoderamiento, iniciativas como las que hoy estamos distinguiendo aqu\u00ed son vitales en nuestra sociedad. Constituyen sin duda una herramienta clave en la b\u00fasqueda de acortar la brecha de desigualdad de g\u00e9nero en un campo fundamental en el contexto actual\u201d, destac\u00f3 el legislador Roy Cortina.<\/p>\n<p>Guadalupe Marin, directora de Sustentabilidad en Mercado Libre, recibi\u00f3 el diploma en representaci\u00f3n de la organizaci\u00f3n y cont\u00f3: \u201cConectadas nos permite conectar mujeres m\u00e1s grandes con otras chicas queriendo aprender y buscando un camino. Para nosotros Conectadas es el semillero de ese esp\u00edritu, de encender esa llama en esas chicas para que se acerquen, para que entiendan que hay un espacio, que hay muchas compa\u00f1\u00edas que las est\u00e1n esperando, que las necesitamos\u201d.<\/p>\n","protected":false},"excerpt":{"rendered":"<p>A partir de una iniciativa del legislador porte\u00f1o Roy Cortina (PS), el proyecto \u201cConectadas\u201d fue declarado el pasado martes de Inter\u00e9s por los Derechos Humanos de ni\u00f1as, mujeres y diversidades de g\u00e9nero en la Biblioteca Esteban Echeverr\u00eda de la Legislatura. El programa de \u201cMercado Libre\u201d en colaboraci\u00f3n con \u201cChicas en Tecnolog\u00eda\u201d y \u201cReprograma\u201d apunta a [&hellip;]<\/p>\n","protected":false},"author":2,"featured_media":41707,"comment_status":"open","ping_status":"open","sticky":false,"template":"","format":"standard","meta":{"_et_pb_use_builder":"","_et_pb_old_content":"","_et_gb_content_width":"","footnotes":""},"categories":[11,33],"tags":[],"class_list":["post-41706","post","type-post","status-publish","format-standard","has-post-thumbnail","hentry","category-ciudad","category-sociedad-y-cultura-2"],"_links":{"self":[{"href":"https:\/\/vocesdebaires.com.ar\/index.php\/wp-json\/wp\/v2\/posts\/41706"}],"collection":[{"href":"https:\/\/vocesdebaires.com.ar\/index.php\/wp-json\/wp\/v2\/posts"}],"about":[{"href":"https:\/\/vocesdebaires.com.ar\/index.php\/wp-json\/wp\/v2\/types\/post"}],"author":[{"embeddable":true,"href":"https:\/\/vocesdebaires.com.ar\/index.php\/wp-json\/wp\/v2\/users\/2"}],"replies":[{"embeddable":true,"href":"https:\/\/vocesdebaires.com.ar\/index.php\/wp-json\/wp\/v2\/comments?post=41706"}],"version-history":[{"count":2,"href":"https:\/\/vocesdebaires.com.ar\/index.php\/wp-json\/wp\/v2\/posts\/41706\/revisions"}],"predecessor-version":[{"id":41709,"href":"https:\/\/vocesdebaires.com.ar\/index.php\/wp-json\/wp\/v2\/posts\/41706\/revisions\/41709"}],"wp:featuredmedia":[{"embeddable":true,"href":"https:\/\/vocesdebaires.com.ar\/index.php\/wp-json\/wp\/v2\/media\/41707"}],"wp:attachment":[{"href":"https:\/\/vocesdebaires.com.ar\/index.php\/wp-json\/wp\/v2\/media?parent=41706"}],"wp:term":[{"taxonomy":"category","embeddable":true,"href":"https:\/\/vocesdebaires.com.ar\/index.php\/wp-json\/wp\/v2\/categories?post=41706"},{"taxonomy":"post_tag","embeddable":true,"href":"https:\/\/vocesdebaires.com.ar\/index.php\/wp-json\/wp\/v2\/tags?post=41706"}],"curies":[{"name":"wp","href":"https:\/\/api.w.org\/{rel}","templated":true}]}}