{"id":41723,"date":"2022-12-13T13:41:26","date_gmt":"2022-12-13T16:41:26","guid":{"rendered":"https:\/\/vocesdebaires.com.ar\/?p=41723"},"modified":"2022-12-13T13:42:12","modified_gmt":"2022-12-13T16:42:12","slug":"legislatura-portena-es-de-interes-cultural-la-agrupacion-los-chiflados-de-boedo","status":"publish","type":"post","link":"https:\/\/vocesdebaires.com.ar\/index.php\/2022\/12\/13\/legislatura-portena-es-de-interes-cultural-la-agrupacion-los-chiflados-de-boedo\/","title":{"rendered":"Legislatura: Es de inter\u00e9s cultural la Agrupaci\u00f3n \u00abLos Chiflados de Boedo\u00bb"},"content":{"rendered":"<p>Los legisladores de la Ciudad declararon de Inter\u00e9s Cultural a la asociaci\u00f3n Los Chiflados de Boedo. El acto cont\u00f3 con la presencia de la legisladora\u00a0 y autora del proyecto Mar\u00eda Cecilia y el legislador porte\u00f1o Ferrero (VJ), la directora general y presidenta de la agrupaci\u00f3n Vanina Tarelli. Y se desarroll\u00f3 dentro del Sal\u00f3n Dorado. \u201cHacemos un trabajo importante desde la Comisi\u00f3n de Cultura, que es acompa\u00f1ar y visibilizar las distintas expresiones culturales de nuestra ciudad\u201d, destac\u00f3 Ferrero, despu\u00e9s de dar la bienvenida a \u201cla casa del pueblo de la Ciudad de Buenos Aires\u201d. All\u00ed tambi\u00e9n destac\u00f3 la importancia de acompa\u00f1ar aquellas expresiones art\u00edsticas que \u201ctrabajan en silencio d\u00eda a d\u00eda, con\u00a0 enorme esfuerzo y poner bien alto nuestra cultura\u201d y que est\u00e1n por fuera de las \u201cgrandes carteleras y marquesinas\u201d.<\/p>\n<p>Por su parte, Tarelli rememor\u00f3 los inicios de la agrupaci\u00f3n y destac\u00f3 la labor social de la misma. \u00abLa murga es m\u00e1s que la murga. Es importante que visibilicen todo lo que desde las murgas se hace\u00bb, subray\u00f3 la presidenta.bAsociaci\u00f3n Civil Chiflados de Boedo es la figura legal del Centro Murga Los Chiflados de Boedo, la agrupaci\u00f3n de carnaval fundada en 1998 en el barrio de Boedo. La murga est\u00e1 compuesta por 250 personas, entre ni\u00f1os, ni\u00f1as, mujeres y familia en general y es responsable desde hace 20 a\u00f1os del Corso de Boedo, uno de los m\u00e1s importantes de la Ciudad.<\/p>\n<p>Tras la crisis del 2001, al a\u00f1o siguiente realiz\u00f3 una importante actividad de contenci\u00f3n social a trav\u00e9s de un merendero y apoyo escolar para chicos y chicas. Por si fuera poco, adem\u00e1s organiza cada agosto la celebraci\u00f3n por el D\u00eda de las Infancias, un festejo en espacio p\u00fablico con propuestas art\u00edsticas, l\u00fadicas, merienda y regalos. Dentro de la Comuna 5, la asociaci\u00f3n civil es uno de los actores m\u00e1s representativos de las expresiones populares.<\/p>\n","protected":false},"excerpt":{"rendered":"<p>Los legisladores de la Ciudad declararon de Inter\u00e9s Cultural a la asociaci\u00f3n Los Chiflados de Boedo. El acto cont\u00f3 con la presencia de la legisladora\u00a0 y autora del proyecto Mar\u00eda Cecilia y el legislador porte\u00f1o Ferrero (VJ), la directora general y presidenta de la agrupaci\u00f3n Vanina Tarelli. Y se desarroll\u00f3 dentro del Sal\u00f3n Dorado. \u201cHacemos [&hellip;]<\/p>\n","protected":false},"author":3,"featured_media":41724,"comment_status":"open","ping_status":"open","sticky":false,"template":"","format":"standard","meta":{"_et_pb_use_builder":"","_et_pb_old_content":"","_et_gb_content_width":"","footnotes":""},"categories":[11,33],"tags":[],"class_list":["post-41723","post","type-post","status-publish","format-standard","has-post-thumbnail","hentry","category-ciudad","category-sociedad-y-cultura-2"],"_links":{"self":[{"href":"https:\/\/vocesdebaires.com.ar\/index.php\/wp-json\/wp\/v2\/posts\/41723"}],"collection":[{"href":"https:\/\/vocesdebaires.com.ar\/index.php\/wp-json\/wp\/v2\/posts"}],"about":[{"href":"https:\/\/vocesdebaires.com.ar\/index.php\/wp-json\/wp\/v2\/types\/post"}],"author":[{"embeddable":true,"href":"https:\/\/vocesdebaires.com.ar\/index.php\/wp-json\/wp\/v2\/users\/3"}],"replies":[{"embeddable":true,"href":"https:\/\/vocesdebaires.com.ar\/index.php\/wp-json\/wp\/v2\/comments?post=41723"}],"version-history":[{"count":2,"href":"https:\/\/vocesdebaires.com.ar\/index.php\/wp-json\/wp\/v2\/posts\/41723\/revisions"}],"predecessor-version":[{"id":41726,"href":"https:\/\/vocesdebaires.com.ar\/index.php\/wp-json\/wp\/v2\/posts\/41723\/revisions\/41726"}],"wp:featuredmedia":[{"embeddable":true,"href":"https:\/\/vocesdebaires.com.ar\/index.php\/wp-json\/wp\/v2\/media\/41724"}],"wp:attachment":[{"href":"https:\/\/vocesdebaires.com.ar\/index.php\/wp-json\/wp\/v2\/media?parent=41723"}],"wp:term":[{"taxonomy":"category","embeddable":true,"href":"https:\/\/vocesdebaires.com.ar\/index.php\/wp-json\/wp\/v2\/categories?post=41723"},{"taxonomy":"post_tag","embeddable":true,"href":"https:\/\/vocesdebaires.com.ar\/index.php\/wp-json\/wp\/v2\/tags?post=41723"}],"curies":[{"name":"wp","href":"https:\/\/api.w.org\/{rel}","templated":true}]}}