{"id":41732,"date":"2022-12-14T00:00:49","date_gmt":"2022-12-14T03:00:49","guid":{"rendered":"https:\/\/vocesdebaires.com.ar\/?p=41732"},"modified":"2022-12-13T22:17:42","modified_gmt":"2022-12-14T01:17:42","slug":"ciudad-dia-del-comunicador-y-comunicadora-social","status":"publish","type":"post","link":"https:\/\/vocesdebaires.com.ar\/index.php\/2022\/12\/14\/ciudad-dia-del-comunicador-y-comunicadora-social\/","title":{"rendered":"Ciudad: D\u00eda del comunicador y comunicadora social"},"content":{"rendered":"<p>La fecha elegida vincula el d\u00eda de los Derechos Humanos con la creaci\u00f3n de la Carrera de Ciencias de la Comunicaci\u00f3n en el Consejo Superior de la Universidad de Buenos Aires el 10 de diciembre de 1985. El objetivo de la ley es reconocer el rol que cumplen los y las Comunicadores\/as Sociales como canalizadores del pensamiento social, haciendo que circule en todas las direcciones posibles, de manera de propender al di\u00e1logo sincero y constructivo para el desarrollo social, con justicia y equidad. Ley 5.756. Sancionada el 15 de diciembre de 2016, publicada en el Bolet\u00edn Oficial de la Ciudad Nro. 5050 del 18 de enero de 2017.<\/p>\n","protected":false},"excerpt":{"rendered":"<p>La fecha elegida vincula el d\u00eda de los Derechos Humanos con la creaci\u00f3n de la Carrera de Ciencias de la Comunicaci\u00f3n en el Consejo Superior de la Universidad de Buenos Aires el 10 de diciembre de 1985. El objetivo de la ley es reconocer el rol que cumplen los y las Comunicadores\/as Sociales como canalizadores [&hellip;]<\/p>\n","protected":false},"author":2,"featured_media":41733,"comment_status":"open","ping_status":"open","sticky":false,"template":"","format":"standard","meta":{"_et_pb_use_builder":"","_et_pb_old_content":"","_et_gb_content_width":"","footnotes":""},"categories":[11,33],"tags":[],"class_list":["post-41732","post","type-post","status-publish","format-standard","has-post-thumbnail","hentry","category-ciudad","category-sociedad-y-cultura-2"],"_links":{"self":[{"href":"https:\/\/vocesdebaires.com.ar\/index.php\/wp-json\/wp\/v2\/posts\/41732"}],"collection":[{"href":"https:\/\/vocesdebaires.com.ar\/index.php\/wp-json\/wp\/v2\/posts"}],"about":[{"href":"https:\/\/vocesdebaires.com.ar\/index.php\/wp-json\/wp\/v2\/types\/post"}],"author":[{"embeddable":true,"href":"https:\/\/vocesdebaires.com.ar\/index.php\/wp-json\/wp\/v2\/users\/2"}],"replies":[{"embeddable":true,"href":"https:\/\/vocesdebaires.com.ar\/index.php\/wp-json\/wp\/v2\/comments?post=41732"}],"version-history":[{"count":1,"href":"https:\/\/vocesdebaires.com.ar\/index.php\/wp-json\/wp\/v2\/posts\/41732\/revisions"}],"predecessor-version":[{"id":41734,"href":"https:\/\/vocesdebaires.com.ar\/index.php\/wp-json\/wp\/v2\/posts\/41732\/revisions\/41734"}],"wp:featuredmedia":[{"embeddable":true,"href":"https:\/\/vocesdebaires.com.ar\/index.php\/wp-json\/wp\/v2\/media\/41733"}],"wp:attachment":[{"href":"https:\/\/vocesdebaires.com.ar\/index.php\/wp-json\/wp\/v2\/media?parent=41732"}],"wp:term":[{"taxonomy":"category","embeddable":true,"href":"https:\/\/vocesdebaires.com.ar\/index.php\/wp-json\/wp\/v2\/categories?post=41732"},{"taxonomy":"post_tag","embeddable":true,"href":"https:\/\/vocesdebaires.com.ar\/index.php\/wp-json\/wp\/v2\/tags?post=41732"}],"curies":[{"name":"wp","href":"https:\/\/api.w.org\/{rel}","templated":true}]}}