{"id":41745,"date":"2022-12-14T00:00:33","date_gmt":"2022-12-14T03:00:33","guid":{"rendered":"https:\/\/vocesdebaires.com.ar\/?p=41745"},"modified":"2022-12-13T22:36:29","modified_gmt":"2022-12-14T01:36:29","slug":"en-la-ciudadse-abren-cinco-nuevos-centros-covid-19","status":"publish","type":"post","link":"https:\/\/vocesdebaires.com.ar\/index.php\/2022\/12\/14\/en-la-ciudadse-abren-cinco-nuevos-centros-covid-19\/","title":{"rendered":"En la ciudad:Se abren cinco nuevos centros COVID-19"},"content":{"rendered":"<p>La Ciudad abre cinco nuevos centros de vacunaci\u00f3n Covid-19 que aplicar\u00e1n dosis de lunes a viernes, con turno previo. A partir de ayer martes 13 de diciembre, comenz\u00f3 a funcionar una posta en Palacio Lezama. En los d\u00edas sucesivos se sumar\u00e1n Corral\u00f3n Floresta, Parque Chacabuco, La Rural y Templo Budista. Estos nuevos puntos se agregan a los ya existentes: Museo de Arte Espa\u00f1ol Enrique Larreta, Club San Lorenzo, Centro Isl\u00e1mico, Colegio de Abogados, ex Detectar Devoto, Ministerio de Salud y Hospital Zubizarreta. El ministro de Salud, Fern\u00e1n Quir\u00f3s, se\u00f1al\u00f3 ayer martes que la Ciudad atraviesa una etapa en la que \u00abaumentan los contagios de coronavirus y luego descienden sin ninguna consecuencia grave posterior, porque la enorme mayor\u00eda son casos leves\u00bb.<\/p>\n<p>Adem\u00e1s, destac\u00f3 que \u00abla mejor protecci\u00f3n es tener la campa\u00f1a de vacunaci\u00f3n al d\u00eda\u00bb. En ese sentido, explic\u00f3 que hay tres grupos priorizados: toda persona mayor de 50 a\u00f1os que se haya dado su \u00faltima vacuna contra el coronavirus hace cuatro o m\u00e1s meses o haya tenido la enfermedad hace cuatro o m\u00e1s meses; los mayores de 12 a\u00f1os que tengan una enfermedad que da\u00f1e su inmunidad; y todas aquellas personas que a\u00fan no completaron el anterior refuerzo, es decir, quienes recibieron s\u00f3lo dos o tres dosis, la \u00faltima hace m\u00e1s de cuatro meses.<\/p>\n<p>Quienes que deseen vacunarse deber\u00e1n reservar su turno en la web, con el fin de realizar el proceso de inmunizaci\u00f3n de la manera m\u00e1s ordenada posible para todos los vecinos de la Ciudad.<br \/>\nLas nuevas postas estar\u00e1n abiertas de lunes a viernes, hasta el \u00faltimo d\u00eda h\u00e1bil del mes de diciembre, y permitir\u00e1n duplicar la disponibilidad de turnos. Durante los s\u00e1bados, domingos y feriados funcionar\u00e1n los mismos centros que ven\u00edan haci\u00e9ndolo hasta el momento, sin modificaciones.<\/p>\n<p>De esta manera, el Ministerio de Salud de la Ciudad contin\u00faa adaptando sus recursos y capacidades seg\u00fan lo que requiera la situaci\u00f3n epidemiol\u00f3gica, en un proceso de constante evaluaci\u00f3n.<br \/>\nEn la \u00faltima semana, en la Ciudad 56.494 personas recibieron una dosis de la vacuna Sputnik-V, AstraZeneca, Sinopharm, Moderna, CanSino o de Pfizer contra el coronavirus. Desde el inicio de la campa\u00f1a de vacunaci\u00f3n ya se aplicaron 9.722.367 dosis.<\/p>\n<p><strong>Cronograma de las nuevas sedes<\/strong><br \/>\nA partir de ayer martes 13 de diciembre se brindan turnos en la posta de Parque Lezama, con diez puestos de vacunaci\u00f3n, que ser\u00e1n ampliados a 14 el d\u00eda siguiente. Por su parte, a partir del mi\u00e9rcoles 14 de diciembre se dar\u00e1n turnos en la posta del Templo Budista, con seis puestos de vacunaci\u00f3n y con posibilidad de ampliarse. El viernes 16 de diciembre volver\u00e1n a brindarse turnos en La Rural (entrada por la calle Cervi\u00f1o). Esta posta contar\u00e1 con 30 puestos de vacunaci\u00f3n durante la ma\u00f1ana y 15 durante el turno tarde. El lunes 19 de diciembre se ampliar\u00e1 la capacidad a 30 puestos que funcionar\u00e1 durante todo el d\u00eda. Adem\u00e1s, el lunes 19 de diciembre se abrir\u00e1 la posta de vacunaci\u00f3n en Parque Chacabuco, con cinco puestos de vacunaci\u00f3n que ser\u00e1n ampliados progresivamente hasta llegar a 20, a partir del jueves 22 de diciembre.<\/p>\n<p>Foto:Jorge Bosch \/ GCBA<\/p>\n","protected":false},"excerpt":{"rendered":"<p>La Ciudad abre cinco nuevos centros de vacunaci\u00f3n Covid-19 que aplicar\u00e1n dosis de lunes a viernes, con turno previo. A partir de ayer martes 13 de diciembre, comenz\u00f3 a funcionar una posta en Palacio Lezama. En los d\u00edas sucesivos se sumar\u00e1n Corral\u00f3n Floresta, Parque Chacabuco, La Rural y Templo Budista. Estos nuevos puntos se agregan [&hellip;]<\/p>\n","protected":false},"author":2,"featured_media":41746,"comment_status":"open","ping_status":"open","sticky":false,"template":"","format":"standard","meta":{"_et_pb_use_builder":"","_et_pb_old_content":"","_et_gb_content_width":"","footnotes":""},"categories":[11,33],"tags":[],"class_list":["post-41745","post","type-post","status-publish","format-standard","has-post-thumbnail","hentry","category-ciudad","category-sociedad-y-cultura-2"],"_links":{"self":[{"href":"https:\/\/vocesdebaires.com.ar\/index.php\/wp-json\/wp\/v2\/posts\/41745"}],"collection":[{"href":"https:\/\/vocesdebaires.com.ar\/index.php\/wp-json\/wp\/v2\/posts"}],"about":[{"href":"https:\/\/vocesdebaires.com.ar\/index.php\/wp-json\/wp\/v2\/types\/post"}],"author":[{"embeddable":true,"href":"https:\/\/vocesdebaires.com.ar\/index.php\/wp-json\/wp\/v2\/users\/2"}],"replies":[{"embeddable":true,"href":"https:\/\/vocesdebaires.com.ar\/index.php\/wp-json\/wp\/v2\/comments?post=41745"}],"version-history":[{"count":1,"href":"https:\/\/vocesdebaires.com.ar\/index.php\/wp-json\/wp\/v2\/posts\/41745\/revisions"}],"predecessor-version":[{"id":41747,"href":"https:\/\/vocesdebaires.com.ar\/index.php\/wp-json\/wp\/v2\/posts\/41745\/revisions\/41747"}],"wp:featuredmedia":[{"embeddable":true,"href":"https:\/\/vocesdebaires.com.ar\/index.php\/wp-json\/wp\/v2\/media\/41746"}],"wp:attachment":[{"href":"https:\/\/vocesdebaires.com.ar\/index.php\/wp-json\/wp\/v2\/media?parent=41745"}],"wp:term":[{"taxonomy":"category","embeddable":true,"href":"https:\/\/vocesdebaires.com.ar\/index.php\/wp-json\/wp\/v2\/categories?post=41745"},{"taxonomy":"post_tag","embeddable":true,"href":"https:\/\/vocesdebaires.com.ar\/index.php\/wp-json\/wp\/v2\/tags?post=41745"}],"curies":[{"name":"wp","href":"https:\/\/api.w.org\/{rel}","templated":true}]}}