{"id":41766,"date":"2022-12-15T00:29:19","date_gmt":"2022-12-15T03:29:19","guid":{"rendered":"https:\/\/vocesdebaires.com.ar\/?p=41766"},"modified":"2022-12-15T00:29:19","modified_gmt":"2022-12-15T03:29:19","slug":"legislatura-distinguio-a-personalidades-destacadas-e-interes","status":"publish","type":"post","link":"https:\/\/vocesdebaires.com.ar\/index.php\/2022\/12\/15\/legislatura-distinguio-a-personalidades-destacadas-e-interes\/","title":{"rendered":"Legislatura: Distingui\u00f3 a personalidades destacadas e inter\u00e9s"},"content":{"rendered":"<p>El Cuerpo Legislativo llev\u00f3 a cabo actos de distinciones durante el d\u00eda de ayer mi\u00e9rcoles. El primero fue la declaraci\u00f3n de Inter\u00e9s para la Comunicaci\u00f3n Social y las Ciencias M\u00e9dicas al programa televisivo \u201cEn Casa Salud\u201d; y el segundo se declar\u00f3 como Personalidad Destacada al grupo musical Tango Negro. La primera actividad que premi\u00f3 la emisi\u00f3n televisiva se desarroll\u00f3 en el sal\u00f3n Presidente Per\u00f3n y cont\u00f3 con la presencia de la legisladora y autora del proyecto Mar\u00eda Sol M\u00e9ndez (VJ), el director de Docencia e Investigaci\u00f3n del FLENI Dr. Gustavo Sevlever y la conductora, la periodista Natalia Paratore.<\/p>\n<p>En el comienzo de las alocuciones, M\u00e9ndez dio la bienvenida y destac\u00f3: \u201cdeclarar este programa es declarar de inter\u00e9s la importancia de trascender barreras desde los medios de comunicaci\u00f3n a un tema tan sensible como lo es la salud p\u00fablica\u201d. Tambi\u00e9n subray\u00f3 el \u201cgran trabajo de Natalia y de todo el equipo\u201d por llevar adelante la emisi\u00f3n y el comienzo del programa, que se gest\u00f3 en una \u201cetapa tan crucial\u201d como la reciente pandemia.<\/p>\n<p>Luego, Paratore agradeci\u00f3 a todo su equipo de trabajo y rememor\u00f3 los inicios de \u201cEn Casa Salud\u201d, junto al ex arquero de la Selecci\u00f3n Argentina de f\u00fatbol y conductor Sergio Goycochea. \u201cEl objetivo principal siempre es educar en salud a trav\u00e9s de la comunicaci\u00f3n. Es una herramienta definitivamente transformadora\u201d, sentenci\u00f3 la conductora. Por \u00faltimo, la locutora pidi\u00f3 por \u201chumanizar la salud, hacerla cercana al otro\u201d.<\/p>\n<p>A su turno, Paratore resalt\u00f3 que muchas de las enfermedades tienen que ver con las conductas de las personas y que estas, est\u00e1s ligadas a la calidad de informaci\u00f3n que reciben. \u201cTenemos que ayudar a los pacientes a que sus conductas sean saludables\u201d, agreg\u00f3. Y concluy\u00f3: \u201cestoy convencido que la posibilidad de la comunicaci\u00f3n masiva, sobre los aspectos de la salud, tienen una importancia terap\u00e9utica m\u00e1s y mejor que muchas pastillitas que conocemos\u201d.<\/p>\n<p>El programa naci\u00f3 en 2020 \u2013en Televisi\u00f3n P\u00fablica Argentina-, con el inicio de la pandemia por el COVID-19, como una respuesta inmediata a la creciente necesidad de informar y formar con datos precisos y confiables. Hoy en d\u00eda contin\u00faa emiti\u00e9ndose con el principal objetivo de hacer accesible la informaci\u00f3n, traducir lo complejo o t\u00e9cnico de un modo sencillo y comprensible, para igualar derechos e incluir sin fronteras.<\/p>\n<p>D\u00eda a d\u00eda participan de cada emisi\u00f3n los principales referentes del pa\u00eds en materia de salud, entre los cuales se encuentran especialistas, funcionarios, profesionales de la salud de diversas especialidades del pa\u00eds, la regi\u00f3n y el mundo. Cuenta con una red de corresponsales que de primera mano brindan el panorama internacional que nos permite comprender el contexto mundial en el que se inserta la realidad Argentina. En la segunda actividad, desarrollada en la Biblioteca Esteban Echeverr\u00eda, los legisladores declararon como Personalidad Destacada al grupo musical Tango Negro, que est\u00e1 integrado por Christian Marelli (Cantor), Francisco Saverio Monteleone (Guitarra y trompeta) Gabriel \u00abPichuco\u00bb Annoni (Bandone\u00f3n).<\/p>\n<p>Adem\u00e1s de los homenajeados, el acto tambi\u00e9n cont\u00f3 con las palabras de la legisladora Mar\u00eda Patricia Vischi (UCR\/Evoluci\u00f3n),legisladora e impulsora de la iniciativa. \u00abLes damos la bienvenida y les agradezco a todo el equipo, que son los que nos ayudan a hacer posible todo esto\u00bb, coment\u00f3 la legisladora porte\u00f1a Vischi. A su vez, hizo hincapi\u00e9 en los diferentes matices que componen a la Legislatura: \u201cesta es una casa pol\u00edtica pero con distintas expresiones hasta en lo cultural\u00bb.<\/p>\n<p>Al final Marelli confes\u00f3 que el tango \u201cles llega\u201d porque \u201csomos gente de barrio y de trabajo\u201d, y que dicho g\u00e9nero \u201ces un estilo de vida\u201d. \u201cPara poder escribir la po\u00e9tica de nuestra ciudad hay que vivir la intensidad que esta ciudad vive. Esta ciudad es la m\u00e1s amada porque es la que m\u00e1s conocemos, la que m\u00e1s caminamos con mis compa\u00f1eros\u00bb, finaliz\u00f3 el cantor. Tango Negro cuenta con \u201cGuapeando\u201d, su primer material discogr\u00e1fico y que cuenta con un repertorio de nuevos tangos, milongas actuales y valses de esquina. Con el objetivo de conservar las ra\u00edces populares del 2&#215;4 como patrimonio cultural de la humanidad. El disco tiene una l\u00edrica pujante, guitarras estridentes y un gran respeto por el sonido madre del g\u00e9nero tanguero.<\/p>\n<p>\u00abGuapeando\u00bb es fruto del trabajo incansable de ocho a\u00f1os de perseverancia y eficaz composici\u00f3n de amor por la m\u00fasica. Es la s\u00edntesis de la sana relaci\u00f3n de amistad de sus compositores, que en el a\u00f1o 2009 se reunieron en un \u00e1mbito netamente familiar, para dar origen a esta obra. La agrupaci\u00f3n est\u00e1 postulada para los Premios Carlos Gardel, en las categor\u00edas Mejor nuevo artista y Mejor \u00e1lbum Orquesta y\/o grupo de Tango y\/o Instrumental.<\/p>\n","protected":false},"excerpt":{"rendered":"<p>El Cuerpo Legislativo llev\u00f3 a cabo actos de distinciones durante el d\u00eda de ayer mi\u00e9rcoles. El primero fue la declaraci\u00f3n de Inter\u00e9s para la Comunicaci\u00f3n Social y las Ciencias M\u00e9dicas al programa televisivo \u201cEn Casa Salud\u201d; y el segundo se declar\u00f3 como Personalidad Destacada al grupo musical Tango Negro. La primera actividad que premi\u00f3 la [&hellip;]<\/p>\n","protected":false},"author":2,"featured_media":41767,"comment_status":"open","ping_status":"open","sticky":false,"template":"","format":"standard","meta":{"_et_pb_use_builder":"","_et_pb_old_content":"","_et_gb_content_width":"","footnotes":""},"categories":[11,33],"tags":[],"class_list":["post-41766","post","type-post","status-publish","format-standard","has-post-thumbnail","hentry","category-ciudad","category-sociedad-y-cultura-2"],"_links":{"self":[{"href":"https:\/\/vocesdebaires.com.ar\/index.php\/wp-json\/wp\/v2\/posts\/41766"}],"collection":[{"href":"https:\/\/vocesdebaires.com.ar\/index.php\/wp-json\/wp\/v2\/posts"}],"about":[{"href":"https:\/\/vocesdebaires.com.ar\/index.php\/wp-json\/wp\/v2\/types\/post"}],"author":[{"embeddable":true,"href":"https:\/\/vocesdebaires.com.ar\/index.php\/wp-json\/wp\/v2\/users\/2"}],"replies":[{"embeddable":true,"href":"https:\/\/vocesdebaires.com.ar\/index.php\/wp-json\/wp\/v2\/comments?post=41766"}],"version-history":[{"count":1,"href":"https:\/\/vocesdebaires.com.ar\/index.php\/wp-json\/wp\/v2\/posts\/41766\/revisions"}],"predecessor-version":[{"id":41768,"href":"https:\/\/vocesdebaires.com.ar\/index.php\/wp-json\/wp\/v2\/posts\/41766\/revisions\/41768"}],"wp:featuredmedia":[{"embeddable":true,"href":"https:\/\/vocesdebaires.com.ar\/index.php\/wp-json\/wp\/v2\/media\/41767"}],"wp:attachment":[{"href":"https:\/\/vocesdebaires.com.ar\/index.php\/wp-json\/wp\/v2\/media?parent=41766"}],"wp:term":[{"taxonomy":"category","embeddable":true,"href":"https:\/\/vocesdebaires.com.ar\/index.php\/wp-json\/wp\/v2\/categories?post=41766"},{"taxonomy":"post_tag","embeddable":true,"href":"https:\/\/vocesdebaires.com.ar\/index.php\/wp-json\/wp\/v2\/tags?post=41766"}],"curies":[{"name":"wp","href":"https:\/\/api.w.org\/{rel}","templated":true}]}}