{"id":41778,"date":"2022-12-15T01:20:30","date_gmt":"2022-12-15T04:20:30","guid":{"rendered":"https:\/\/vocesdebaires.com.ar\/?p=41778"},"modified":"2022-12-15T01:20:30","modified_gmt":"2022-12-15T04:20:30","slug":"servicio-de-empleo-amia-finalizo-el-curso-que-se-dicto-con-onu-migracion","status":"publish","type":"post","link":"https:\/\/vocesdebaires.com.ar\/index.php\/2022\/12\/15\/servicio-de-empleo-amia-finalizo-el-curso-que-se-dicto-con-onu-migracion\/","title":{"rendered":"Servicio de Empleo AMIA: Finaliz\u00f3 el curso que se dict\u00f3 con ONU Migraci\u00f3n"},"content":{"rendered":"<p>En un emotivo acto que se realiz\u00f3 en el auditorio de la sede de Pasteur, el pasado martes 6 de diciembre se entregaron los diplomas a los 93 egresados de los cursos virtuales y gratuitos de formaci\u00f3n laboral que lanz\u00f3 el Servicio de Empleo AMIA (SEA), en alianza con la Organizaci\u00f3n Internacional para las Migraciones (ONU Migraci\u00f3n). \u201cAuxiliar administrativo contable y financiero\u201d y \u201cAuxiliar domiciliario de personas dependientes\u201d (nivel b\u00e1sico y avanzado) fueron los cursos que, a cargo de especialistas en la tem\u00e1tica, estuvieron dirigidos a las personas migrantes que residen en el pa\u00eds y que se desarrollaron desde septiembre hasta fines de noviembre.<\/p>\n<p>\u201cJunto con ONU Migraci\u00f3n, referente global en acciones de apoyo a migrantes, pudimos articular por tercer a\u00f1o consecutivo diferentes programas de formaci\u00f3n con salida laboral, que tienen como objetivo el fortalecimiento de las capacidades de las personas migrantes para incrementar sus posibilidades de inserci\u00f3n laboral y de generaci\u00f3n de ingresos econ\u00f3micos\u201d, destac\u00f3 Ileana Frauman, coordinadora de Programas de Diversidad e Inclusi\u00f3n Laboral del SEA.<\/p>\n<p>\u201cDesde el a\u00f1o 2020 venimos trabajando con AMIA buscando oportunidades de capacitaci\u00f3n con salida laboral r\u00e1pida. Es por eso que identificamos tres cursos de asistente administrativo, atenci\u00f3n al cliente y cuidadores de personas dependientes, entre otros\u201d, sostuvo Elisa Roth, coordinadora de proyectos de OIM. \u201cHasta el momento hemos brindado espacios de asesoramiento y capacitaci\u00f3n a m\u00e1s de 500 personas\u201d, agreg\u00f3. El programa de formaci\u00f3n laboral ofreci\u00f3 a los participantes la posibilidad de adquirir conceptos y herramientas clave para luego postularse a puestos de trabajo con alta demanda. Para conocer otras oportunidades de capacitaci\u00f3n gratuita, se puede ingresar al sitio web del Servicio de Empleo AMIA.<\/p>\n","protected":false},"excerpt":{"rendered":"<p>En un emotivo acto que se realiz\u00f3 en el auditorio de la sede de Pasteur, el pasado martes 6 de diciembre se entregaron los diplomas a los 93 egresados de los cursos virtuales y gratuitos de formaci\u00f3n laboral que lanz\u00f3 el Servicio de Empleo AMIA (SEA), en alianza con la Organizaci\u00f3n Internacional para las Migraciones [&hellip;]<\/p>\n","protected":false},"author":2,"featured_media":41773,"comment_status":"open","ping_status":"open","sticky":false,"template":"","format":"standard","meta":{"_et_pb_use_builder":"","_et_pb_old_content":"","_et_gb_content_width":"","footnotes":""},"categories":[11,33],"tags":[],"class_list":["post-41778","post","type-post","status-publish","format-standard","has-post-thumbnail","hentry","category-ciudad","category-sociedad-y-cultura-2"],"_links":{"self":[{"href":"https:\/\/vocesdebaires.com.ar\/index.php\/wp-json\/wp\/v2\/posts\/41778"}],"collection":[{"href":"https:\/\/vocesdebaires.com.ar\/index.php\/wp-json\/wp\/v2\/posts"}],"about":[{"href":"https:\/\/vocesdebaires.com.ar\/index.php\/wp-json\/wp\/v2\/types\/post"}],"author":[{"embeddable":true,"href":"https:\/\/vocesdebaires.com.ar\/index.php\/wp-json\/wp\/v2\/users\/2"}],"replies":[{"embeddable":true,"href":"https:\/\/vocesdebaires.com.ar\/index.php\/wp-json\/wp\/v2\/comments?post=41778"}],"version-history":[{"count":1,"href":"https:\/\/vocesdebaires.com.ar\/index.php\/wp-json\/wp\/v2\/posts\/41778\/revisions"}],"predecessor-version":[{"id":41779,"href":"https:\/\/vocesdebaires.com.ar\/index.php\/wp-json\/wp\/v2\/posts\/41778\/revisions\/41779"}],"wp:featuredmedia":[{"embeddable":true,"href":"https:\/\/vocesdebaires.com.ar\/index.php\/wp-json\/wp\/v2\/media\/41773"}],"wp:attachment":[{"href":"https:\/\/vocesdebaires.com.ar\/index.php\/wp-json\/wp\/v2\/media?parent=41778"}],"wp:term":[{"taxonomy":"category","embeddable":true,"href":"https:\/\/vocesdebaires.com.ar\/index.php\/wp-json\/wp\/v2\/categories?post=41778"},{"taxonomy":"post_tag","embeddable":true,"href":"https:\/\/vocesdebaires.com.ar\/index.php\/wp-json\/wp\/v2\/tags?post=41778"}],"curies":[{"name":"wp","href":"https:\/\/api.w.org\/{rel}","templated":true}]}}