{"id":41787,"date":"2022-12-16T00:00:49","date_gmt":"2022-12-16T03:00:49","guid":{"rendered":"https:\/\/vocesdebaires.com.ar\/?p=41787"},"modified":"2022-12-15T23:17:52","modified_gmt":"2022-12-16T02:17:52","slug":"ciudad-con-espiritu-navideno-y-con-actividades-para-toda-la-familia","status":"publish","type":"post","link":"https:\/\/vocesdebaires.com.ar\/index.php\/2022\/12\/16\/ciudad-con-espiritu-navideno-y-con-actividades-para-toda-la-familia\/","title":{"rendered":"Ciudad: Con esp\u00edritu navide\u00f1o y con actividades para toda la familia"},"content":{"rendered":"<p>Se acercan las Fiestas, y la Ciudad program\u00f3 una jornada dedicada a celebrar el esp\u00edritu navide\u00f1o, con actividades para toda la familia. El s\u00e1bado 17 de diciembre, de 11 a 18 horas, en el Ecoparque ubicado en Palermo y en el Parque de la Ciudad situado en Soldati, se podr\u00e1n disfrutar los contenidos tem\u00e1ticos especialmente ideados para esta Navidad. La entrada es gratuita y en ambas sedes se recibir\u00e1n alimentos no perecederos.<\/p>\n<p>El Secretario de Desarrollo Ciudadano, Gast\u00f3n Corti, coment\u00f3 que \u00abesta iniciativa busca que las familias se acerquen a disfrutar un d\u00eda al aire libre, con propuestas navide\u00f1as para todas las edades y para todos los gustos\u00bb. A su vez, Veby Mart\u00ednez, responsable de Proyectos Especiales en la Vicejefatura del Gobierno porte\u00f1o, destac\u00f3 que \u00abel esp\u00edritu navide\u00f1o implica compartirlo con todos los seres queridos, pero tambi\u00e9n con todas las personas que habitan esta gran ciudad y con aquellos que nos visitan en esta \u00e9poca festiva\u00bb.<\/p>\n<p><strong>Actividades en el Ecoparque<\/strong><br \/>\n<strong>Direcci\u00f3n: Avenida Sarmiento 2601.<\/strong><br \/>\nSer\u00e1 la sede principal, y all\u00ed habr\u00e1 un circuito con diversas actividades:<br \/>\nAl ingresar, las familias se encontrar\u00e1n un \u00e1rbol de los deseos y a Pap\u00e1 Noel en su living para dejarle la cartita y sacarse una foto.<br \/>\nTambi\u00e9n habr\u00e1 una obra de teatro navide\u00f1a.<br \/>\nSe dispondr\u00e1n cuatro Recicletas y un stand en el cual se entregar\u00e1n semillas a cambio de cada botella reciclable que all\u00ed se deje.<br \/>\nEn el Anfiteatro se podr\u00e1 escuchar a los cuentacuentos navide\u00f1os.<br \/>\nEn el sector de la Kermesse Navide\u00f1a, la Direcci\u00f3n General de Familia coordinar\u00e1 distintos juegos incorporando elementos reciclados y proponiendo din\u00e1micas bajo el mismo eje: Ruleta, Emojis, Juego de los Bolsillos, Leyendo en Familia y Rayuela, entre otros.<br \/>\nEl final del recorrido tendr\u00e1 lugar en la Plaza Navide\u00f1a, con m\u00faltiples juegos provistos por el Ecoparque.<\/p>\n<p><strong>Actividades en el Parque de la Ciudad<\/strong><br \/>\n<strong>Direcci\u00f3n: Avenida Francisco Fern\u00e1ndez De La Cruz 4000.<\/strong><br \/>\nEn la subsede se podr\u00e1 recorrer, a trav\u00e9s de la calle Techos Azules:<br \/>\nUn Mariposario para decorar macetas con motivos navide\u00f1os.<br \/>\nEn el Paseo Navide\u00f1o estar\u00e1 el living de Pap\u00e1 Noel y tambi\u00e9n se podr\u00e1n tomar fotos en el Selfie Spot.<br \/>\nHabr\u00e1 Juegos Deportivos de la mano de distintas federaciones deportivas.<br \/>\nLa Kermesse Navide\u00f1a, con m\u00e1s de diez actividades para los m\u00e1s chicos.<\/p>\n<p>El espacio Georgalos, en donde la reconocida marca obsequiar\u00e1 una foto impresa y regalar\u00e1 productos. Adem\u00e1s, en los alrededores del Parque de la Ciudad, la Subsecretar\u00eda de Desarrollo del Potencial Humano, del Ministerio de Desarrollo Humano y H\u00e1bitat, montar\u00e1 una feria de emprendedores y comerciantes con diferentes puestos de la econom\u00eda social, donde se podr\u00e1n conseguir diversos art\u00edculos navide\u00f1os, como pan dulces y decoraciones.<\/p>\n","protected":false},"excerpt":{"rendered":"<p>Se acercan las Fiestas, y la Ciudad program\u00f3 una jornada dedicada a celebrar el esp\u00edritu navide\u00f1o, con actividades para toda la familia. El s\u00e1bado 17 de diciembre, de 11 a 18 horas, en el Ecoparque ubicado en Palermo y en el Parque de la Ciudad situado en Soldati, se podr\u00e1n disfrutar los contenidos tem\u00e1ticos especialmente [&hellip;]<\/p>\n","protected":false},"author":3,"featured_media":41788,"comment_status":"open","ping_status":"open","sticky":false,"template":"","format":"standard","meta":{"_et_pb_use_builder":"","_et_pb_old_content":"","_et_gb_content_width":"","footnotes":""},"categories":[11,33],"tags":[],"class_list":["post-41787","post","type-post","status-publish","format-standard","has-post-thumbnail","hentry","category-ciudad","category-sociedad-y-cultura-2"],"_links":{"self":[{"href":"https:\/\/vocesdebaires.com.ar\/index.php\/wp-json\/wp\/v2\/posts\/41787"}],"collection":[{"href":"https:\/\/vocesdebaires.com.ar\/index.php\/wp-json\/wp\/v2\/posts"}],"about":[{"href":"https:\/\/vocesdebaires.com.ar\/index.php\/wp-json\/wp\/v2\/types\/post"}],"author":[{"embeddable":true,"href":"https:\/\/vocesdebaires.com.ar\/index.php\/wp-json\/wp\/v2\/users\/3"}],"replies":[{"embeddable":true,"href":"https:\/\/vocesdebaires.com.ar\/index.php\/wp-json\/wp\/v2\/comments?post=41787"}],"version-history":[{"count":1,"href":"https:\/\/vocesdebaires.com.ar\/index.php\/wp-json\/wp\/v2\/posts\/41787\/revisions"}],"predecessor-version":[{"id":41789,"href":"https:\/\/vocesdebaires.com.ar\/index.php\/wp-json\/wp\/v2\/posts\/41787\/revisions\/41789"}],"wp:featuredmedia":[{"embeddable":true,"href":"https:\/\/vocesdebaires.com.ar\/index.php\/wp-json\/wp\/v2\/media\/41788"}],"wp:attachment":[{"href":"https:\/\/vocesdebaires.com.ar\/index.php\/wp-json\/wp\/v2\/media?parent=41787"}],"wp:term":[{"taxonomy":"category","embeddable":true,"href":"https:\/\/vocesdebaires.com.ar\/index.php\/wp-json\/wp\/v2\/categories?post=41787"},{"taxonomy":"post_tag","embeddable":true,"href":"https:\/\/vocesdebaires.com.ar\/index.php\/wp-json\/wp\/v2\/tags?post=41787"}],"curies":[{"name":"wp","href":"https:\/\/api.w.org\/{rel}","templated":true}]}}