{"id":41795,"date":"2022-12-16T00:00:52","date_gmt":"2022-12-16T03:00:52","guid":{"rendered":"https:\/\/vocesdebaires.com.ar\/?p=41795"},"modified":"2022-12-15T23:31:51","modified_gmt":"2022-12-16T02:31:51","slug":"la-rural-larreta-participo-de-la-inauguracion-del-parque-solar","status":"publish","type":"post","link":"https:\/\/vocesdebaires.com.ar\/index.php\/2022\/12\/16\/la-rural-larreta-participo-de-la-inauguracion-del-parque-solar\/","title":{"rendered":"La Rural: Larreta particip\u00f3 de la inauguraci\u00f3n del parque solar"},"content":{"rendered":"<p>Horacio Rodr\u00edguez Larreta asisti\u00f3 ayer jueves a la inauguraci\u00f3n del mayor parque solar de la Ciudad, que funcionar\u00e1 en La Rural de Palermo, y que con m\u00e1s de 1.100 paneles fotovoltaicos le permitir\u00e1 cubrir hasta el 40% de lo que consume el predio, con energ\u00eda limpia y renovable. \u00abEsto es un orgullo, es la Argentina del futuro. No s\u00f3lo por la importancia que tiene lo que est\u00e1 generando esta inauguraci\u00f3n, sino por el mensaje. Ac\u00e1 tenemos que generar un efecto de demostraci\u00f3n, porque si en un lugar tan simb\u00f3lico como La Rural se da este paso, claramente estamos marcando cu\u00e1l es el camino a seguir\u00bb, resalt\u00f3 el Jefe de Gobierno porte\u00f1o.<\/p>\n<p>El proyecto representa el doble de energ\u00eda sustentable que tiene la instalaci\u00f3n m\u00e1s grande de las entidades privadas de Buenos Aires. Produce 814 MWh de energ\u00eda al a\u00f1o, lo que equivale al consumo de 210 viviendas familiares. Reducir\u00e1 396 toneladas de CO2 al a\u00f1o emitidas al medio ambiente, el equivalente a plantar casi 10.000 \u00e1rboles. Larreta, por otro lado, agradeci\u00f3 \u00abmuch\u00edsimo lo que est\u00e1n haciendo porque apunta al cuidado del medio ambiente. Siempre el crecimiento de La Rural es una buena noticia, porque adem\u00e1s de ser un espacio de encuentro entre el campo y la Ciudad, contribuye a la cultura y al trabajo. Todos vinimos alguna vez a este lugar a una exposici\u00f3n, a una feria, a una convenci\u00f3n o a una actividad. Y eso es turismo, encuentro y fundamentalmente mucho laburo\u00bb.<\/p>\n<p>Participaron de la actividad Clara Muzzio, ministra de Espacio P\u00fablico e Higiene Urbana de la Ciudad; Lucas Delfino, presidente del EnTur; In\u00e9s Gorbea, secretaria de Ambiente; Nicol\u00e1s Pino, presidente de la Sociedad Rural Argentina; Gast\u00f3n Lernoud, presidente de La Rural SA; Eduardo Elsztain, presidente de IRSA; y Maximiliano Morrone, ingeniero a cargo del desarrollo. La Rural es uno de los lugares m\u00e1s representativos para el turismo de reuniones (MICE) de la Ciudad. A lo largo del a\u00f1o fue sede de 52 ferias, 42 congresos y 169 eventos. Impuls\u00f3 m\u00e1s de 135 mil empleos y recibi\u00f3 4 millones de visitas. Con el regreso de la presencialidad y despu\u00e9s de dos a\u00f1os de interrupciones, Buenos Aires alberg\u00f3 a 793 eventos MICE en 2022, lo que representa un 60% del nivel de 2019.<\/p>\n<p>Fotos: Pablo\u00a0 Aharonian \/ GCBA<\/p>\n","protected":false},"excerpt":{"rendered":"<p>Horacio Rodr\u00edguez Larreta asisti\u00f3 ayer jueves a la inauguraci\u00f3n del mayor parque solar de la Ciudad, que funcionar\u00e1 en La Rural de Palermo, y que con m\u00e1s de 1.100 paneles fotovoltaicos le permitir\u00e1 cubrir hasta el 40% de lo que consume el predio, con energ\u00eda limpia y renovable. \u00abEsto es un orgullo, es la Argentina [&hellip;]<\/p>\n","protected":false},"author":2,"featured_media":41796,"comment_status":"open","ping_status":"open","sticky":false,"template":"","format":"standard","meta":{"_et_pb_use_builder":"","_et_pb_old_content":"","_et_gb_content_width":"","footnotes":""},"categories":[11,33],"tags":[],"class_list":["post-41795","post","type-post","status-publish","format-standard","has-post-thumbnail","hentry","category-ciudad","category-sociedad-y-cultura-2"],"_links":{"self":[{"href":"https:\/\/vocesdebaires.com.ar\/index.php\/wp-json\/wp\/v2\/posts\/41795"}],"collection":[{"href":"https:\/\/vocesdebaires.com.ar\/index.php\/wp-json\/wp\/v2\/posts"}],"about":[{"href":"https:\/\/vocesdebaires.com.ar\/index.php\/wp-json\/wp\/v2\/types\/post"}],"author":[{"embeddable":true,"href":"https:\/\/vocesdebaires.com.ar\/index.php\/wp-json\/wp\/v2\/users\/2"}],"replies":[{"embeddable":true,"href":"https:\/\/vocesdebaires.com.ar\/index.php\/wp-json\/wp\/v2\/comments?post=41795"}],"version-history":[{"count":1,"href":"https:\/\/vocesdebaires.com.ar\/index.php\/wp-json\/wp\/v2\/posts\/41795\/revisions"}],"predecessor-version":[{"id":41797,"href":"https:\/\/vocesdebaires.com.ar\/index.php\/wp-json\/wp\/v2\/posts\/41795\/revisions\/41797"}],"wp:featuredmedia":[{"embeddable":true,"href":"https:\/\/vocesdebaires.com.ar\/index.php\/wp-json\/wp\/v2\/media\/41796"}],"wp:attachment":[{"href":"https:\/\/vocesdebaires.com.ar\/index.php\/wp-json\/wp\/v2\/media?parent=41795"}],"wp:term":[{"taxonomy":"category","embeddable":true,"href":"https:\/\/vocesdebaires.com.ar\/index.php\/wp-json\/wp\/v2\/categories?post=41795"},{"taxonomy":"post_tag","embeddable":true,"href":"https:\/\/vocesdebaires.com.ar\/index.php\/wp-json\/wp\/v2\/tags?post=41795"}],"curies":[{"name":"wp","href":"https:\/\/api.w.org\/{rel}","templated":true}]}}