{"id":41801,"date":"2022-12-16T00:00:58","date_gmt":"2022-12-16T03:00:58","guid":{"rendered":"https:\/\/vocesdebaires.com.ar\/?p=41801"},"modified":"2022-12-15T23:45:11","modified_gmt":"2022-12-16T02:45:11","slug":"larreta-participo-del-egreso-de-480-cadetes-de-la-policia-de-la-ciudad","status":"publish","type":"post","link":"https:\/\/vocesdebaires.com.ar\/index.php\/2022\/12\/16\/larreta-participo-del-egreso-de-480-cadetes-de-la-policia-de-la-ciudad\/","title":{"rendered":"Larreta: Particip\u00f3 del egreso de 480 cadetes de la Polic\u00eda de la Ciudad"},"content":{"rendered":"<p>\u00abSue\u00f1o con un pa\u00eds en el que todos vivamos seguros, sin miedo\u00bb, dijo ayer Horacio Rodr\u00edguez Larreta al hablar en la ceremonia de egreso de la octava promoci\u00f3n de cadetes de la Polic\u00eda de la Ciudad, que se realiz\u00f3 en el Instituto Superior de Seguridad P\u00fablica (ISSP), en el Bajo Flores. El Jefe de Gobierno porte\u00f1o afirm\u00f3: \u00abQuiero un pa\u00eds en el que los argentinos seamos libres y los delincuentes sean los que est\u00e1n presos. Una Argentina segura. Y estoy convencido de que trabajando juntos podemos lograrlo\u00bb.<\/p>\n<p>Larreta estuvo acompa\u00f1ado por el jefe de Gabinete, Felipe Miguel, los ministros de Seguridad, Marcelo D&#8217;Alessandro, y de Gobierno, Jorge Macri; el jefe de la Polic\u00eda de la Ciudad, Gabriel Berard; el titular del Cuerpo de Bomberos, Juan Carlos Moriconi, y el director del ISSP, Gabriel Unrein, entre otras autoridades. El Jefe de Gobierno sostuvo que \u00abpara la Ciudad es un gran orgullo que hoy se sumen 480 nuevos agentes de polic\u00eda y que el cuerpo de Bomberos sume 81 hombres y mujeres que est\u00e1n dispuestos a algo tan sublime, como lo es arriesgar su vida por los dem\u00e1s\u00bb.<\/p>\n<p>\u00abNo se me ocurre que pueda haber un acto de generosidad, de servicio y de amor tan fuerte como ese\u00bb, afirm\u00f3. Remarc\u00f3 que \u00abpara nosotros la seguridad es una prioridad\u00bb y destac\u00f3 que \u00abgracias al esfuerzo que venimos realizando desde hace a\u00f1os, con decisi\u00f3n pol\u00edtica y con un plan, es que hoy podemos decir que tenemos la tasa de delito m\u00e1s baja en la historia de la Ciudad desde que se hacen estad\u00edsticas\u00bb.<\/p>\n<p>El Jefe de Gobierno puso de relieve tambi\u00e9n que \u00abla instituci\u00f3n policial de la Ciudad es un ejemplo\u00bb.Y sostuvo que eso \u00abse logra a partir del trabajo de capacitaci\u00f3n que se realiza en este Instituto de formaci\u00f3n con entrenamiento, con un aprendizaje muy intenso y con los mejores docentes y la mejor tecnolog\u00eda para que cuando salgan a la calle est\u00e9n realmente preparados para su tarea central, que es cuidar a la gente\u00bb.<\/p>\n<p>Con la promoci\u00f3n que egresa este a\u00f1o ya son 7.500 los cadetes formados desde la creaci\u00f3n de la Polic\u00eda de la Ciudad. En el mismo acto, adem\u00e1s, se hizo la entrega de diplomas a los 81 egresados de la sexta promoci\u00f3n del curso de formaci\u00f3n inicial para aspirantes a Bomberos de la Ciudad, que en total suman m\u00e1s de 600. Durante el acto los flamantes oficiales y bomberos juraron por la Constituci\u00f3n Nacional y la Constituci\u00f3n de la Ciudad.<\/p>\n<p>Foto: GCBA<\/p>\n","protected":false},"excerpt":{"rendered":"<p>\u00abSue\u00f1o con un pa\u00eds en el que todos vivamos seguros, sin miedo\u00bb, dijo ayer Horacio Rodr\u00edguez Larreta al hablar en la ceremonia de egreso de la octava promoci\u00f3n de cadetes de la Polic\u00eda de la Ciudad, que se realiz\u00f3 en el Instituto Superior de Seguridad P\u00fablica (ISSP), en el Bajo Flores. El Jefe de Gobierno [&hellip;]<\/p>\n","protected":false},"author":2,"featured_media":41802,"comment_status":"open","ping_status":"open","sticky":false,"template":"","format":"standard","meta":{"_et_pb_use_builder":"","_et_pb_old_content":"","_et_gb_content_width":"","footnotes":""},"categories":[11,33],"tags":[],"class_list":["post-41801","post","type-post","status-publish","format-standard","has-post-thumbnail","hentry","category-ciudad","category-sociedad-y-cultura-2"],"_links":{"self":[{"href":"https:\/\/vocesdebaires.com.ar\/index.php\/wp-json\/wp\/v2\/posts\/41801"}],"collection":[{"href":"https:\/\/vocesdebaires.com.ar\/index.php\/wp-json\/wp\/v2\/posts"}],"about":[{"href":"https:\/\/vocesdebaires.com.ar\/index.php\/wp-json\/wp\/v2\/types\/post"}],"author":[{"embeddable":true,"href":"https:\/\/vocesdebaires.com.ar\/index.php\/wp-json\/wp\/v2\/users\/2"}],"replies":[{"embeddable":true,"href":"https:\/\/vocesdebaires.com.ar\/index.php\/wp-json\/wp\/v2\/comments?post=41801"}],"version-history":[{"count":1,"href":"https:\/\/vocesdebaires.com.ar\/index.php\/wp-json\/wp\/v2\/posts\/41801\/revisions"}],"predecessor-version":[{"id":41803,"href":"https:\/\/vocesdebaires.com.ar\/index.php\/wp-json\/wp\/v2\/posts\/41801\/revisions\/41803"}],"wp:featuredmedia":[{"embeddable":true,"href":"https:\/\/vocesdebaires.com.ar\/index.php\/wp-json\/wp\/v2\/media\/41802"}],"wp:attachment":[{"href":"https:\/\/vocesdebaires.com.ar\/index.php\/wp-json\/wp\/v2\/media?parent=41801"}],"wp:term":[{"taxonomy":"category","embeddable":true,"href":"https:\/\/vocesdebaires.com.ar\/index.php\/wp-json\/wp\/v2\/categories?post=41801"},{"taxonomy":"post_tag","embeddable":true,"href":"https:\/\/vocesdebaires.com.ar\/index.php\/wp-json\/wp\/v2\/tags?post=41801"}],"curies":[{"name":"wp","href":"https:\/\/api.w.org\/{rel}","templated":true}]}}