{"id":41817,"date":"2022-12-20T00:00:59","date_gmt":"2022-12-20T03:00:59","guid":{"rendered":"https:\/\/vocesdebaires.com.ar\/?p=41817"},"modified":"2022-12-20T03:20:42","modified_gmt":"2022-12-20T06:20:42","slug":"ciudadconoce-como-el-espacio-publico-se-prepara-pare-las-fiestas","status":"publish","type":"post","link":"https:\/\/vocesdebaires.com.ar\/index.php\/2022\/12\/20\/ciudadconoce-como-el-espacio-publico-se-prepara-pare-las-fiestas\/","title":{"rendered":"Ciudad:Conoc\u00e9 como el espacio p\u00fablico se prepara pare las fiestas"},"content":{"rendered":"<p>Desde el Ministerio de Espacio P\u00fablico e Higiene Urbana se realizaron diferentes intervenciones para vestir la Ciudad. Todas las comunas cuentan con su arbolito de navidad , emplazados en puntos espec\u00edficos. Cada uno de ellos esta compuesto por 23.500 luces leds y miden 11 metros de altura. Tambi\u00e9n se colocaron luces navide\u00f1as en las luminarias de los distintos barrios.<br \/>\nAdem\u00e1s, los vecinos pueden sacarse fotos con la bola navide\u00f1a gigante, que recorren las distintas ferias y parques de la Ciudad. El pr\u00f3ximo s\u00e1bado 17 de diciembre estar\u00e1 en Plaza Armenia (Armenia, entre Nicaragua y Costa Rica).<\/p>\n","protected":false},"excerpt":{"rendered":"<p>Desde el Ministerio de Espacio P\u00fablico e Higiene Urbana se realizaron diferentes intervenciones para vestir la Ciudad. Todas las comunas cuentan con su arbolito de navidad , emplazados en puntos espec\u00edficos. Cada uno de ellos esta compuesto por 23.500 luces leds y miden 11 metros de altura. Tambi\u00e9n se colocaron luces navide\u00f1as en las luminarias [&hellip;]<\/p>\n","protected":false},"author":3,"featured_media":41815,"comment_status":"open","ping_status":"open","sticky":false,"template":"","format":"standard","meta":{"_et_pb_use_builder":"","_et_pb_old_content":"","_et_gb_content_width":"","footnotes":""},"categories":[11,33],"tags":[],"class_list":["post-41817","post","type-post","status-publish","format-standard","has-post-thumbnail","hentry","category-ciudad","category-sociedad-y-cultura-2"],"_links":{"self":[{"href":"https:\/\/vocesdebaires.com.ar\/index.php\/wp-json\/wp\/v2\/posts\/41817"}],"collection":[{"href":"https:\/\/vocesdebaires.com.ar\/index.php\/wp-json\/wp\/v2\/posts"}],"about":[{"href":"https:\/\/vocesdebaires.com.ar\/index.php\/wp-json\/wp\/v2\/types\/post"}],"author":[{"embeddable":true,"href":"https:\/\/vocesdebaires.com.ar\/index.php\/wp-json\/wp\/v2\/users\/3"}],"replies":[{"embeddable":true,"href":"https:\/\/vocesdebaires.com.ar\/index.php\/wp-json\/wp\/v2\/comments?post=41817"}],"version-history":[{"count":1,"href":"https:\/\/vocesdebaires.com.ar\/index.php\/wp-json\/wp\/v2\/posts\/41817\/revisions"}],"predecessor-version":[{"id":41818,"href":"https:\/\/vocesdebaires.com.ar\/index.php\/wp-json\/wp\/v2\/posts\/41817\/revisions\/41818"}],"wp:featuredmedia":[{"embeddable":true,"href":"https:\/\/vocesdebaires.com.ar\/index.php\/wp-json\/wp\/v2\/media\/41815"}],"wp:attachment":[{"href":"https:\/\/vocesdebaires.com.ar\/index.php\/wp-json\/wp\/v2\/media?parent=41817"}],"wp:term":[{"taxonomy":"category","embeddable":true,"href":"https:\/\/vocesdebaires.com.ar\/index.php\/wp-json\/wp\/v2\/categories?post=41817"},{"taxonomy":"post_tag","embeddable":true,"href":"https:\/\/vocesdebaires.com.ar\/index.php\/wp-json\/wp\/v2\/tags?post=41817"}],"curies":[{"name":"wp","href":"https:\/\/api.w.org\/{rel}","templated":true}]}}