{"id":41826,"date":"2022-12-20T02:38:42","date_gmt":"2022-12-20T05:38:42","guid":{"rendered":"https:\/\/vocesdebaires.com.ar\/?p=41826"},"modified":"2022-12-20T02:40:38","modified_gmt":"2022-12-20T05:40:38","slug":"la-comunidad-judia-celebra-el-segundo-dia-de-januca-el-milagro-de-la-luz","status":"publish","type":"post","link":"https:\/\/vocesdebaires.com.ar\/index.php\/2022\/12\/20\/la-comunidad-judia-celebra-el-segundo-dia-de-januca-el-milagro-de-la-luz\/","title":{"rendered":"La comunidad jud\u00eda celebra el segundo d\u00eda de Januc\u00e1, el milagro de la luz"},"content":{"rendered":"<p>La comunidad jud\u00eda en su segundo\u00a0 d\u00eda de la celebraci\u00f3n de Januc\u00e1, la llamada tambi\u00e9n \u201cfiesta de las luminarias\u201d, que nos ense\u00f1a que nuestra vida solo resplandecer\u00e1 si nos involucramos con lo que sucede a nuestro alrededor, si enfrentamos los desaf\u00edos con fe y recordando que con un m\u00ednimo de luz podemos disipar toda la oscuridad. Para destacar el especial significado de esta conmemoraci\u00f3n que se extiende durante ocho d\u00edas, compartimos el mensaje del Superior Rabinato de la Rep\u00fablica Argentina, expresado por el\u00a0 Rab Eliahu Hamra de AMIA, quien reflexion\u00f3 sobre la importancia de la celebraci\u00f3n.<\/p>\n<p>\u201cEstamos en las v\u00edsperas de Januc\u00e1, una festividad en la que encenderemos ocho velas, acumulando una por d\u00eda, de izquierda a derecha, comenzando con la puesta del sol del pr\u00f3ximo domingo. Este encendido conmemora el milagro ocurrido en favor del pueblo de Israel entre los a\u00f1os 167 y 160 a.e.c, \u00e9poca durante la cual la monarqu\u00eda Hasmonea se sobrepuso al gobierno heleno en la Tierra de Israel, luchando por sus derechos. Esta independencia nacional dur\u00f3 130 a\u00f1os. La rebeli\u00f3n de los Pleonasmos fue debido a la persecuci\u00f3n religiosa padecida por el pueblo de Israel, una de las primeras en la historia.<\/p>\n<p>El pueblo de Israel innov\u00f3 en el concepto por el cual el ser humano posee una grandeza dada por su permanente conexi\u00f3n entre el mundo material y el espiritual, raz\u00f3n por la cual sus acciones impactan e influyen tanto para el bien como para el mal en ambos mundos. La cultura griega am\u00f3 y valor\u00f3 toda sabidur\u00eda, pero los decretos de Ant\u00edoco IV, que por ejemplo prohib\u00edan la observancia de Shabat y la circuncisi\u00f3n, era con el prop\u00f3sito de desconectar el v\u00ednculo entre el ser humano y su Creador.<\/p>\n<p>La Menor\u00e1, el candelabro del Gran Templo de Jerusalem, ten\u00eda una vela que siempre permanec\u00eda encendida, denominada en hebreo \u00b4Ner Tamid\u00b4, y cuyo significado es la permanente conexi\u00f3n entre el mundo terrenal y el celestial. Similarmente, en toda sinagoga, frente al Arca Sagrada donde se guardan los Rollos de la Tor\u00e1, siempre hay una luz encendida. Es por ello que los helenos especialmente accionaron tambi\u00e9n contra la Menor\u00e1.<\/p>\n<p>As\u00ed, el encendido de la Januki\u00e1, el candelabro que en verdad es la Menor\u00e1 pero con una vela adicional, simboliza aquel candelabro vinculando al pueblo de Israel con el Creador. Es por eso que el precepto de encender de la Januki\u00e1, viene a iluminar de forma creciente destacando aquella conexi\u00f3n permanente entre el mundo terrenal y espiritual, y por cuyo m\u00e9rito en el cumplimiento de su encendido se iluminar\u00e1n nuestras vidas con abundancia espiritual y bendiciones. Mis deseos para toda la comunidad jud\u00eda argentina por un Januc\u00e1 Sameaj, y que las luces de la Januki\u00e1 nos acompa\u00f1en para todo el a\u00f1o.\u00bb<\/p>\n","protected":false},"excerpt":{"rendered":"<p>La comunidad jud\u00eda en su segundo\u00a0 d\u00eda de la celebraci\u00f3n de Januc\u00e1, la llamada tambi\u00e9n \u201cfiesta de las luminarias\u201d, que nos ense\u00f1a que nuestra vida solo resplandecer\u00e1 si nos involucramos con lo que sucede a nuestro alrededor, si enfrentamos los desaf\u00edos con fe y recordando que con un m\u00ednimo de luz podemos disipar toda la [&hellip;]<\/p>\n","protected":false},"author":2,"featured_media":41827,"comment_status":"open","ping_status":"open","sticky":false,"template":"","format":"standard","meta":{"_et_pb_use_builder":"","_et_pb_old_content":"","_et_gb_content_width":"","footnotes":""},"categories":[11,33],"tags":[],"class_list":["post-41826","post","type-post","status-publish","format-standard","has-post-thumbnail","hentry","category-ciudad","category-sociedad-y-cultura-2"],"_links":{"self":[{"href":"https:\/\/vocesdebaires.com.ar\/index.php\/wp-json\/wp\/v2\/posts\/41826"}],"collection":[{"href":"https:\/\/vocesdebaires.com.ar\/index.php\/wp-json\/wp\/v2\/posts"}],"about":[{"href":"https:\/\/vocesdebaires.com.ar\/index.php\/wp-json\/wp\/v2\/types\/post"}],"author":[{"embeddable":true,"href":"https:\/\/vocesdebaires.com.ar\/index.php\/wp-json\/wp\/v2\/users\/2"}],"replies":[{"embeddable":true,"href":"https:\/\/vocesdebaires.com.ar\/index.php\/wp-json\/wp\/v2\/comments?post=41826"}],"version-history":[{"count":1,"href":"https:\/\/vocesdebaires.com.ar\/index.php\/wp-json\/wp\/v2\/posts\/41826\/revisions"}],"predecessor-version":[{"id":41828,"href":"https:\/\/vocesdebaires.com.ar\/index.php\/wp-json\/wp\/v2\/posts\/41826\/revisions\/41828"}],"wp:featuredmedia":[{"embeddable":true,"href":"https:\/\/vocesdebaires.com.ar\/index.php\/wp-json\/wp\/v2\/media\/41827"}],"wp:attachment":[{"href":"https:\/\/vocesdebaires.com.ar\/index.php\/wp-json\/wp\/v2\/media?parent=41826"}],"wp:term":[{"taxonomy":"category","embeddable":true,"href":"https:\/\/vocesdebaires.com.ar\/index.php\/wp-json\/wp\/v2\/categories?post=41826"},{"taxonomy":"post_tag","embeddable":true,"href":"https:\/\/vocesdebaires.com.ar\/index.php\/wp-json\/wp\/v2\/tags?post=41826"}],"curies":[{"name":"wp","href":"https:\/\/api.w.org\/{rel}","templated":true}]}}