{"id":41834,"date":"2022-12-21T00:00:56","date_gmt":"2022-12-21T03:00:56","guid":{"rendered":"https:\/\/vocesdebaires.com.ar\/?p=41834"},"modified":"2022-12-20T22:41:48","modified_gmt":"2022-12-21T01:41:48","slug":"al-aire-librellega-la-feria-navidena-sustentable-a-la-ciudad","status":"publish","type":"post","link":"https:\/\/vocesdebaires.com.ar\/index.php\/2022\/12\/21\/al-aire-librellega-la-feria-navidena-sustentable-a-la-ciudad\/","title":{"rendered":"Al aire libre,llega la Feria Navide\u00f1a sustentable a la Ciudad"},"content":{"rendered":"<p>Hoy mi\u00e9rcoles 21 y ma\u00f1ana jueves 22 de diciembre, de 17 a 22 hs, llega la Feria de Navidad al Mercado de las Pulgas (General Martinez y Av. Dorrego). Con entrada libre y gratuita, vas a poder encontrar ofertas gastron\u00f3micas t\u00edpicas de la mesa navide\u00f1a, talleres para realizar adornos con materiales reciclados y emprendimientos de productos sustentables para que puedas encontrar tu regalo.<\/p>\n<p>Adem\u00e1s, vas a poder observar un arbolito de navidad hecho con materiales reciclados, bolas navide\u00f1as inflables, transparentes y ambientadas con la tem\u00e1tica, para que los vecinos puedan ingresar a ellas y sacarse fotos, m\u00fasica de la mano del DJ Papa Noel, bailarines y shows en vivo para ambos d\u00edas.<br \/>\nCronograma de los shows:<\/p>\n<p><strong>Mi\u00e9rcoles 21<\/strong><br \/>\n18h: Flashmoob<br \/>\n19.30h: Los tut\u00fa<br \/>\n21.00h: Koufekin<\/p>\n<p><strong>Jueves 22<\/strong> 18h: Flashmoob<br \/>\n19.30h: S\u00faper navegantes<br \/>\n21.00h: Anda calabaza<\/p>\n","protected":false},"excerpt":{"rendered":"<p>Hoy mi\u00e9rcoles 21 y ma\u00f1ana jueves 22 de diciembre, de 17 a 22 hs, llega la Feria de Navidad al Mercado de las Pulgas (General Martinez y Av. Dorrego). Con entrada libre y gratuita, vas a poder encontrar ofertas gastron\u00f3micas t\u00edpicas de la mesa navide\u00f1a, talleres para realizar adornos con materiales reciclados y emprendimientos de [&hellip;]<\/p>\n","protected":false},"author":3,"featured_media":41816,"comment_status":"open","ping_status":"open","sticky":false,"template":"","format":"standard","meta":{"_et_pb_use_builder":"","_et_pb_old_content":"","_et_gb_content_width":"","footnotes":""},"categories":[11,33],"tags":[],"class_list":["post-41834","post","type-post","status-publish","format-standard","has-post-thumbnail","hentry","category-ciudad","category-sociedad-y-cultura-2"],"_links":{"self":[{"href":"https:\/\/vocesdebaires.com.ar\/index.php\/wp-json\/wp\/v2\/posts\/41834"}],"collection":[{"href":"https:\/\/vocesdebaires.com.ar\/index.php\/wp-json\/wp\/v2\/posts"}],"about":[{"href":"https:\/\/vocesdebaires.com.ar\/index.php\/wp-json\/wp\/v2\/types\/post"}],"author":[{"embeddable":true,"href":"https:\/\/vocesdebaires.com.ar\/index.php\/wp-json\/wp\/v2\/users\/3"}],"replies":[{"embeddable":true,"href":"https:\/\/vocesdebaires.com.ar\/index.php\/wp-json\/wp\/v2\/comments?post=41834"}],"version-history":[{"count":2,"href":"https:\/\/vocesdebaires.com.ar\/index.php\/wp-json\/wp\/v2\/posts\/41834\/revisions"}],"predecessor-version":[{"id":41836,"href":"https:\/\/vocesdebaires.com.ar\/index.php\/wp-json\/wp\/v2\/posts\/41834\/revisions\/41836"}],"wp:featuredmedia":[{"embeddable":true,"href":"https:\/\/vocesdebaires.com.ar\/index.php\/wp-json\/wp\/v2\/media\/41816"}],"wp:attachment":[{"href":"https:\/\/vocesdebaires.com.ar\/index.php\/wp-json\/wp\/v2\/media?parent=41834"}],"wp:term":[{"taxonomy":"category","embeddable":true,"href":"https:\/\/vocesdebaires.com.ar\/index.php\/wp-json\/wp\/v2\/categories?post=41834"},{"taxonomy":"post_tag","embeddable":true,"href":"https:\/\/vocesdebaires.com.ar\/index.php\/wp-json\/wp\/v2\/tags?post=41834"}],"curies":[{"name":"wp","href":"https:\/\/api.w.org\/{rel}","templated":true}]}}