{"id":41837,"date":"2022-12-21T00:00:57","date_gmt":"2022-12-21T03:00:57","guid":{"rendered":"https:\/\/vocesdebaires.com.ar\/?p=41837"},"modified":"2022-12-20T22:51:33","modified_gmt":"2022-12-21T01:51:33","slug":"cientificos-encuentran-signos-de-reorganizacion-cerebral-en-epilepsia","status":"publish","type":"post","link":"https:\/\/vocesdebaires.com.ar\/index.php\/2022\/12\/21\/cientificos-encuentran-signos-de-reorganizacion-cerebral-en-epilepsia\/","title":{"rendered":"Cient\u00edficos encuentran signos de reorganizaci\u00f3n cerebral en epilepsia"},"content":{"rendered":"<p>A la hora de comunicarse, a las personas no les importa s\u00f3lo lo que dicen, sino c\u00f3mo lo dicen. El ser humano (y algunas especies animales) es capaz de comprender expresiones de emoci\u00f3n y afecto en se\u00f1ales vocales de otros, alcanzando un mayor grado de interacci\u00f3n. Esta habilidad es la prosodia, que permite entender la informaci\u00f3n oculta en el tono de voz en el lenguaje oral, en adici\u00f3n al significado de las palabras (contenido sem\u00e1ntico) y se asienta espec\u00edficamente en el l\u00f3bulo temporal derecho.<\/p>\n<p>Con el objetivo de estudiar la relaci\u00f3n entre el cerebro y el comportamiento, entre las funciones cognitivas y la estructura cerebral, un grupo de investigadores del Instituto de Investigaciones en Medicina Traslacional (Univ. Austral &#8211; CONICET) y del ENyS (CONICET) evalu\u00f3 el procesamiento de la prosodia en el cerebro en pacientes con epilepsia temporal derecha (quienes tienen comprometidas \u00e1reas en donde radica dicha funci\u00f3n), y los compar\u00f3 con controles sanos y con pacientes con epilepsia temporal izquierda. Los resultados reflejaron signos de plasticidad en el cerebro, dado que todos los participantes\u00a0 sin importar su condici\u00f3n m\u00e9dica lograban realizar la tarea con \u00e9xito, aun as\u00ed, en el grupo de pacientes con epilepsia temporal derecha.<\/p>\n<p>\u201cLa epilepsia es una afecci\u00f3n neurol\u00f3gica com\u00fan a nivel global que brinda un modelo para estudiar la relaci\u00f3n mente-cerebro, dado que afecta a zonas espec\u00edficas de la corteza cerebral permitiendo registrar alteraciones de ciertas conductas y\/o funciones cognitivas como consecuencia de la red neural afectada. Mientras que los participantes sanos y los pacientes con epilepsia izquierda presentaron activaci\u00f3n del l\u00f3bulo temporal derecho (\u00e1rea t\u00edpica de la prosodia) en el grupo con epilepsia derecha, se observ\u00f3 mayor actividad en el lado izquierdo\u201d, explica la Dra. Luc\u00eda Alba-Ferrara, profesora adjunta y asesora de investigaci\u00f3n de la carrera de Psicolog\u00eda de la Facultad de Ciencias Biom\u00e9dicas de la Universidad Austral.<\/p>\n<p><strong>El experimento<\/strong><br \/>\nLos investigadores del IIMT (U. Austral &#8211; CONICET) y del ENyS (CONICET) emplearon una de las t\u00e9cnicas que permite estudiar la base material de la mente (estructura y funci\u00f3n del cerebro): la resonancia magn\u00e9tica funcional, que permite obtener una imagen de la actividad del cerebro en funcionamiento in vivo y en forma no invasiva. Se escane\u00f3 a los participantes con resonancia magn\u00e9tica funcional, mientras resolv\u00edan una tarea de prosodia. Durante la tarea, a los participantes se les presentaban audios con diferentes tonos de voz, y se les ped\u00eda que clasifiquen la emoci\u00f3n que expresaba el hablante (alegr\u00eda, miedo, enojo o sin emoci\u00f3n).<\/p>\n<p>El grupo encontr\u00f3 que todos los participantes, sin importar su condici\u00f3n m\u00e9dica, lograban realizar la tarea con \u00e9xito. \u201cA la luz de estos resultados, no es dif\u00edcil pensar que las activaciones en las neuroim\u00e1genes presentes en los pacientes con epilepsia derecha son signos de plasticidad en el cerebro. El sistema nervioso tiene la capacidad de cambiar su estructura y su funcionamiento a lo largo de su vida. Dichos cambios pueden ser causa y efecto de la interacci\u00f3n con el ambiente (como el aprendizaje), o ante una alteraci\u00f3n (como la epilepsia)\u201d, detalla el Lic. Bautista Elizalde Acevedo, becario del IIMT (Univ. Austral-CONICET) y doctorando bajo la direcci\u00f3n de la Dra. Alba-Ferrara.<\/p>\n<p><strong>Organizaci\u00f3n y Reorganizaci\u00f3n: Plasticidad cerebral<\/strong><br \/>\nLa plasticidad le permite al cerebro restructurarse y recuperarse. \u201cPor lo tanto, es esperable que, ante una enfermedad cerebral como la epilepsia, el sistema nervioso se modifique funcionalmente para mantener el rendimiento normal\u201d, coinciden ambos investigadores de la Universidad Austral, quienes al mismo tiempo resaltan que el registro de plasticidad funcional de funciones cognitivas, a trav\u00e9s de resonancia magn\u00e9tica funcional, ha sido poco registrado en investigaciones. Descripta hace m\u00e1s de cien a\u00f1os por Darwin, la funci\u00f3n de la prosodia, es poco conocida, y est\u00e1 relacionada a las emociones, dado que se encuentra directamente implicada en el hablante y en su percepci\u00f3n del mundo.<\/p>\n<p>Como Paul Le Doux sostiene, las emociones materializan nuestra percepci\u00f3n, brindan informaci\u00f3n subjetiva sobre el mundo que nos rodea, est\u00e1n presentes durante toda la vida y su presencia no se limita al estado consciente de sensaciones corporales o pensamientos. Son la manera en la que vemos al mundo, a nosotros mismos y a otras personas. Al enfocarse espec\u00edficamente en el tema de la reorganizaci\u00f3n es posible pensar que no todas las funciones cognitivas parecen presentar las mismas caracter\u00edsticas de plasticidad, por lo que es posible preguntarse, \u00bfa qu\u00e9 se debe este fen\u00f3meno de la reorganizaci\u00f3n de la prosodia? Particularmente, en esta funci\u00f3n, tan utilizada por los hablantes en general, como tambi\u00e9n por los pacientes con epilepsia derecha, que es tan central y utilizada en la comunicaci\u00f3n con otros.<\/p>\n","protected":false},"excerpt":{"rendered":"<p>A la hora de comunicarse, a las personas no les importa s\u00f3lo lo que dicen, sino c\u00f3mo lo dicen. El ser humano (y algunas especies animales) es capaz de comprender expresiones de emoci\u00f3n y afecto en se\u00f1ales vocales de otros, alcanzando un mayor grado de interacci\u00f3n. Esta habilidad es la prosodia, que permite entender la [&hellip;]<\/p>\n","protected":false},"author":3,"featured_media":41838,"comment_status":"open","ping_status":"open","sticky":false,"template":"","format":"standard","meta":{"_et_pb_use_builder":"","_et_pb_old_content":"","_et_gb_content_width":"","footnotes":""},"categories":[11,33],"tags":[],"class_list":["post-41837","post","type-post","status-publish","format-standard","has-post-thumbnail","hentry","category-ciudad","category-sociedad-y-cultura-2"],"_links":{"self":[{"href":"https:\/\/vocesdebaires.com.ar\/index.php\/wp-json\/wp\/v2\/posts\/41837"}],"collection":[{"href":"https:\/\/vocesdebaires.com.ar\/index.php\/wp-json\/wp\/v2\/posts"}],"about":[{"href":"https:\/\/vocesdebaires.com.ar\/index.php\/wp-json\/wp\/v2\/types\/post"}],"author":[{"embeddable":true,"href":"https:\/\/vocesdebaires.com.ar\/index.php\/wp-json\/wp\/v2\/users\/3"}],"replies":[{"embeddable":true,"href":"https:\/\/vocesdebaires.com.ar\/index.php\/wp-json\/wp\/v2\/comments?post=41837"}],"version-history":[{"count":1,"href":"https:\/\/vocesdebaires.com.ar\/index.php\/wp-json\/wp\/v2\/posts\/41837\/revisions"}],"predecessor-version":[{"id":41839,"href":"https:\/\/vocesdebaires.com.ar\/index.php\/wp-json\/wp\/v2\/posts\/41837\/revisions\/41839"}],"wp:featuredmedia":[{"embeddable":true,"href":"https:\/\/vocesdebaires.com.ar\/index.php\/wp-json\/wp\/v2\/media\/41838"}],"wp:attachment":[{"href":"https:\/\/vocesdebaires.com.ar\/index.php\/wp-json\/wp\/v2\/media?parent=41837"}],"wp:term":[{"taxonomy":"category","embeddable":true,"href":"https:\/\/vocesdebaires.com.ar\/index.php\/wp-json\/wp\/v2\/categories?post=41837"},{"taxonomy":"post_tag","embeddable":true,"href":"https:\/\/vocesdebaires.com.ar\/index.php\/wp-json\/wp\/v2\/tags?post=41837"}],"curies":[{"name":"wp","href":"https:\/\/api.w.org\/{rel}","templated":true}]}}