{"id":41844,"date":"2022-12-21T00:00:54","date_gmt":"2022-12-21T03:00:54","guid":{"rendered":"https:\/\/vocesdebaires.com.ar\/?p=41844"},"modified":"2022-12-20T23:03:58","modified_gmt":"2022-12-21T02:03:58","slug":"el-cuerpo-legislativo-reconocio-a-la-ruta-ano-nuevo-chino","status":"publish","type":"post","link":"https:\/\/vocesdebaires.com.ar\/index.php\/2022\/12\/21\/el-cuerpo-legislativo-reconocio-a-la-ruta-ano-nuevo-chino\/","title":{"rendered":"El cuerpo legislativo: Reconoci\u00f3 a la Ruta A\u00f1o Nuevo Chino"},"content":{"rendered":"<p>En el transcurso de la tarde del pasado jueves , el Cuerpo Legislativo de la Ciudad declar\u00f3 de Inter\u00e9s Cultural a las actividades realizadas en el marco de la Ruta A\u00f1o Nuevo Chino. En el reconocimiento a la labor para la promoci\u00f3n de la cultura china en Argentina, participaron del acto-que se llev\u00f3 a cabo en el sal\u00f3n Hip\u00f3lito Yrigoyen- el legislador y autor del proyecto Roy Cortina (PS), el ministro consejero de la Embajada de la Rep\u00fablica Popular China en Argentina SUN Yi, la personalidad destacada en el \u00e1mbito de la Cultura y creador de la Ruta del A\u00f1o Nuevo Chino Carlos Lin y el ciudadano ilustre y orfebre internacional Juan Carlos Pallarols.<\/p>\n<p>En el comienzo de las alocuciones, el legislador Roy Cortina dio la bienvenida a la Legislatura e inform\u00f3 c\u00f3mo surgi\u00f3 la iniciativa. Luego, calific\u00f3 como \u201cprograma clave\u201d a la Ruta A\u00f1o Nuevo Chino para la promoci\u00f3n de la cultura china en el pa\u00eds y en la Ciudad. Y culmin\u00f3: \u201ces por este maravilloso trabajo , por su compromiso con la comunidad china y por las actividades que se realizan y se seguir\u00e1n haciendo todos los a\u00f1os, que me honra ser autor de este proyecto\u201d. Luego, SUN Yi coment\u00f3 que la Ciudad es desde hace muchos a\u00f1os \u201cla otra guardia en desarrollar\u201d las relaciones con China; y que gracias al esfuerzo conjunto entre la Legislatura y la embajada china, \u201cel festival se ha convertido en una de las fiestas m\u00e1s grandes en toda Am\u00e9rica Latina\u201d y al que llam\u00f3 tambi\u00e9n como \u201cuna marca cultural\u201d.<\/p>\n<p>\u201cLa declaraci\u00f3n de inter\u00e9s cultural reafirma el reconocimiento de los porte\u00f1os a la contribuci\u00f3n de la comunidad china. Y demuestra una vez m\u00e1s la inclusi\u00f3n social y cultural de la naci\u00f3n argentina\u201d, sentenci\u00f3 el representante asi\u00e1tico. Finalmente Lin decret\u00f3 que la declaraci\u00f3n \u201ces producto y un trabajo de mucha gente\u201d. Despu\u00e9s subray\u00f3: \u201cArgentina es un pa\u00eds que nos dio brazos abiertos siempre, Argentina es un pa\u00eds que todos los chinos admiramos por su cielo de buenos aires y su gente c\u00e1lida\u201d. Y concluy\u00f3: \u201ca trav\u00e9s de la cultura y de los artistas es que salimos adelante\u201d.<\/p>\n<p>La Ruta A\u00f1o Nuevo Chino es un programa que se lleva a cabo, en el marco de los festejos del A\u00f1o Nuevo Chino; y a trav\u00e9s del cual se promueve la cultura china con actividades de intercambio entre Argentina y China. \u00c9stas se realizan cada a\u00f1o entre el 15 de enero y el 15 de febrero, a lo largo de diferentes locaciones de la Ciudad e incluyen iniciativas como espect\u00e1culos, shows, seminarios, charlas; y distintas exhibiciones art\u00edsticas, musicales, marciales y gastron\u00f3micas, entre otros. E incluso, para este a\u00f1o se sumar\u00e1 la iluminaci\u00f3n del Obelisco, en alusi\u00f3n a los festejos que se har\u00e1n del 16 al 31 de enero.Los festejos del A\u00f1o Nuevo Chino re\u00fanen a miles de familias alrededor del mundo.<\/p>\n","protected":false},"excerpt":{"rendered":"<p>En el transcurso de la tarde del pasado jueves , el Cuerpo Legislativo de la Ciudad declar\u00f3 de Inter\u00e9s Cultural a las actividades realizadas en el marco de la Ruta A\u00f1o Nuevo Chino. En el reconocimiento a la labor para la promoci\u00f3n de la cultura china en Argentina, participaron del acto-que se llev\u00f3 a cabo [&hellip;]<\/p>\n","protected":false},"author":2,"featured_media":41845,"comment_status":"open","ping_status":"open","sticky":false,"template":"","format":"standard","meta":{"_et_pb_use_builder":"","_et_pb_old_content":"","_et_gb_content_width":"","footnotes":""},"categories":[11,33],"tags":[],"class_list":["post-41844","post","type-post","status-publish","format-standard","has-post-thumbnail","hentry","category-ciudad","category-sociedad-y-cultura-2"],"_links":{"self":[{"href":"https:\/\/vocesdebaires.com.ar\/index.php\/wp-json\/wp\/v2\/posts\/41844"}],"collection":[{"href":"https:\/\/vocesdebaires.com.ar\/index.php\/wp-json\/wp\/v2\/posts"}],"about":[{"href":"https:\/\/vocesdebaires.com.ar\/index.php\/wp-json\/wp\/v2\/types\/post"}],"author":[{"embeddable":true,"href":"https:\/\/vocesdebaires.com.ar\/index.php\/wp-json\/wp\/v2\/users\/2"}],"replies":[{"embeddable":true,"href":"https:\/\/vocesdebaires.com.ar\/index.php\/wp-json\/wp\/v2\/comments?post=41844"}],"version-history":[{"count":1,"href":"https:\/\/vocesdebaires.com.ar\/index.php\/wp-json\/wp\/v2\/posts\/41844\/revisions"}],"predecessor-version":[{"id":41846,"href":"https:\/\/vocesdebaires.com.ar\/index.php\/wp-json\/wp\/v2\/posts\/41844\/revisions\/41846"}],"wp:featuredmedia":[{"embeddable":true,"href":"https:\/\/vocesdebaires.com.ar\/index.php\/wp-json\/wp\/v2\/media\/41845"}],"wp:attachment":[{"href":"https:\/\/vocesdebaires.com.ar\/index.php\/wp-json\/wp\/v2\/media?parent=41844"}],"wp:term":[{"taxonomy":"category","embeddable":true,"href":"https:\/\/vocesdebaires.com.ar\/index.php\/wp-json\/wp\/v2\/categories?post=41844"},{"taxonomy":"post_tag","embeddable":true,"href":"https:\/\/vocesdebaires.com.ar\/index.php\/wp-json\/wp\/v2\/tags?post=41844"}],"curies":[{"name":"wp","href":"https:\/\/api.w.org\/{rel}","templated":true}]}}