{"id":41851,"date":"2022-12-21T00:00:54","date_gmt":"2022-12-21T03:00:54","guid":{"rendered":"https:\/\/vocesdebaires.com.ar\/?p=41851"},"modified":"2022-12-20T23:35:39","modified_gmt":"2022-12-21T02:35:39","slug":"legislaturadeclararon-a-edgardo-moreira-personalidad-destacada","status":"publish","type":"post","link":"https:\/\/vocesdebaires.com.ar\/index.php\/2022\/12\/21\/legislaturadeclararon-a-edgardo-moreira-personalidad-destacada\/","title":{"rendered":"Legislatura:Declararon a Edgardo Moreira personalidad destacada"},"content":{"rendered":"<p>El Cuerpo Legislativo de la Ciudad declar\u00f3 al actor y director Edgardo Moreira como Personalidad Destacada en el \u00e1mbito de la cultura. El acto se llev\u00f3 a cabo en el Sal\u00f3n Dorado y cont\u00f3 con la presencia del vicepresidente 1\u00b0 Emmanuel Ferrario \u2013en reemplazo del legislador y autor del proyecto, Diego Garc\u00eda de Garc\u00eda Vilas, el actor y vicepresidente de la Sociedad Argentina de Gesti\u00f3n de Actores Int\u00e9rpretes Mart\u00edn Seefeld y el homenajeado.<\/p>\n<p>En el comienzo de las alocuciones, el legislador porte\u00f1o Ferrario dio la bienvenida a \u201cla casa del pueblo de los porte\u00f1os y las porte\u00f1as\u201d. Luego coment\u00f3 la trayectoria de Moreira y destac\u00f3 \u201cel enorme impacto que dej\u00f3 en la cultura\u201d. \u201cEl aporte a la cultura va mucho m\u00e1s all\u00e1 del entretenimiento, es mostrar ideas nuevas, es promover la creatividad y el entendimiento, es empoderar a aquel que se siente excluido de la sociedad y encuentra un referente arriba del escenario\u201d, sentenci\u00f3 el Vicepresidente 1\u00b0 de la Legislatura.<\/p>\n<p>Luego, Moreira agradeci\u00f3 al legislador Garc\u00eda de Garc\u00eda Vilas y Ferrario y a los legisladores de la ciudad por la declaraci\u00f3n. A su vez subray\u00f3 la importancia del trabajo en equipo y en forma colectiva. Y agreg\u00f3: \u201cesto hace a la cultura de la Ciudad de Buenos Aires y permite que la gente tome conciencia, que piense, reflexione, se entretenga y que a la vez tenga la posibilidad de abrir sus horizontes, abrir su cabeza y ampliar su comprensi\u00f3n de la realidad\u201d<\/p>\n<p>Por \u00faltimo, Seefeld calific\u00f3 a Edgardo como \u201cuna persona de la cultura\u201d y que es \u201cmuy especial por su filosof\u00eda, por c\u00f3mo piensa. Y por como intenta permanentemente tender puentes independientemente de cu\u00e1l sea la ideolog\u00eda o el pensamiento del otro\u201d. \u201cEs un ejemplo de que no se puede dejar de so\u00f1ar y que lo \u00fanico que no nos pueden quitar son los sue\u00f1os\u201d, concluy\u00f3 el actor. Edgardo Moreira tiene una vasta y prestigiosa trayectoria art\u00edstica, como actor y director.<\/p>\n<p>En su carrera hay grandes hitos como La casa acecha en lo profundo, Angelita y Grey Wolf, en cine. En el \u00e1mbito teatral resaltan El Fixer, Cabo Verde y Un enemigo del pueblo, entre muchos otros. Y en televisi\u00f3n particip\u00f3 en Los Benvenuto, Monta\u00f1a Rusa, Ricos y Famosos, Botines, El hombre que volvi\u00f3 de la muerte, Doble Vida y Separadas, entre otras obras.<\/p>\n<p>Por otro lado, consigui\u00f3 el Premio ACE como mejor actor protag\u00f3nico por El Padre, mejor actor de reparto por La herencia de Ester y Premio Teatro del Mundo a mejor actor protag\u00f3nico. Adem\u00e1s fue profesor interino en la C\u00e1tedra de Historia del Arte en la Escuela Nacional de Arte Dram\u00e1tico, profesor fundador del Taller de iniciaci\u00f3n art\u00edstica para adolescentes de la Escuela de Agust\u00edn Alezzo y Profesor del Curso de Direcci\u00f3n en la Escuela Municipal de Arte Dram\u00e1tico.<\/p>\n","protected":false},"excerpt":{"rendered":"<p>El Cuerpo Legislativo de la Ciudad declar\u00f3 al actor y director Edgardo Moreira como Personalidad Destacada en el \u00e1mbito de la cultura. El acto se llev\u00f3 a cabo en el Sal\u00f3n Dorado y cont\u00f3 con la presencia del vicepresidente 1\u00b0 Emmanuel Ferrario \u2013en reemplazo del legislador y autor del proyecto, Diego Garc\u00eda de Garc\u00eda Vilas, [&hellip;]<\/p>\n","protected":false},"author":2,"featured_media":41854,"comment_status":"open","ping_status":"open","sticky":false,"template":"","format":"standard","meta":{"_et_pb_use_builder":"","_et_pb_old_content":"","_et_gb_content_width":"","footnotes":""},"categories":[11,33],"tags":[],"class_list":["post-41851","post","type-post","status-publish","format-standard","has-post-thumbnail","hentry","category-ciudad","category-sociedad-y-cultura-2"],"_links":{"self":[{"href":"https:\/\/vocesdebaires.com.ar\/index.php\/wp-json\/wp\/v2\/posts\/41851"}],"collection":[{"href":"https:\/\/vocesdebaires.com.ar\/index.php\/wp-json\/wp\/v2\/posts"}],"about":[{"href":"https:\/\/vocesdebaires.com.ar\/index.php\/wp-json\/wp\/v2\/types\/post"}],"author":[{"embeddable":true,"href":"https:\/\/vocesdebaires.com.ar\/index.php\/wp-json\/wp\/v2\/users\/2"}],"replies":[{"embeddable":true,"href":"https:\/\/vocesdebaires.com.ar\/index.php\/wp-json\/wp\/v2\/comments?post=41851"}],"version-history":[{"count":1,"href":"https:\/\/vocesdebaires.com.ar\/index.php\/wp-json\/wp\/v2\/posts\/41851\/revisions"}],"predecessor-version":[{"id":41852,"href":"https:\/\/vocesdebaires.com.ar\/index.php\/wp-json\/wp\/v2\/posts\/41851\/revisions\/41852"}],"wp:featuredmedia":[{"embeddable":true,"href":"https:\/\/vocesdebaires.com.ar\/index.php\/wp-json\/wp\/v2\/media\/41854"}],"wp:attachment":[{"href":"https:\/\/vocesdebaires.com.ar\/index.php\/wp-json\/wp\/v2\/media?parent=41851"}],"wp:term":[{"taxonomy":"category","embeddable":true,"href":"https:\/\/vocesdebaires.com.ar\/index.php\/wp-json\/wp\/v2\/categories?post=41851"},{"taxonomy":"post_tag","embeddable":true,"href":"https:\/\/vocesdebaires.com.ar\/index.php\/wp-json\/wp\/v2\/tags?post=41851"}],"curies":[{"name":"wp","href":"https:\/\/api.w.org\/{rel}","templated":true}]}}