{"id":4186,"date":"2019-12-20T14:10:49","date_gmt":"2019-12-20T17:10:49","guid":{"rendered":"http:\/\/vocesdebaires.com.ar\/wordpress\/index.php\/2019\/12\/20\/berni-nuestro-ambito-de-trabajo-la-calle\/"},"modified":"2019-12-20T14:10:49","modified_gmt":"2019-12-20T17:10:49","slug":"berni-nuestro-ambito-de-trabajo-la-calle","status":"publish","type":"post","link":"https:\/\/vocesdebaires.com.ar\/index.php\/2019\/12\/20\/berni-nuestro-ambito-de-trabajo-la-calle\/","title":{"rendered":"Berni: &quot;Nuestro \u00e1mbito de trabajo la calle&quot;"},"content":{"rendered":"<p>El flamante ministro de Seguridad de la provincia de Buenos Aires, Sergio Berni, particip\u00f3 ayer de dos actos descentralizados\u00a0 por la conmemoraci\u00f3n del d\u00eda de la Polic\u00eda realizados en los municipios de Vicente L\u00f3pez y Tigre, donde estuvo acompa\u00f1ado por los respectivos jefes comunales, Jorge Macri y Julio Zamora.&quot;Nuestro \u00e1mbito de trabajo es la calle y el barrio&quot;, asegur\u00f3 el funcionario provincial a la vez que pidi\u00f3 a los jefes policiales presentes\u00a0 que &quot;acompa\u00f1en a sus hombres y mujeres en el desarrollo diario de sus tareas&quot;.<\/p>\n<p>&quot;Hoy es un d\u00eda festivo y de reflexi\u00f3n, que significa mirar hacia dentro y revisar los hechos que no arrojaron resultados y al mismo tiempo explotar y profundizar todo aquello que sirvi\u00f3 para generar esa relaci\u00f3n de confianza con el vecino&quot;, indic\u00f3 Berni, quien felicit\u00f3 a los efectivos policiales &quot;por su compromiso y vocaci\u00f3n de servicio&quot;.Al ser consultado sobre la importancia de los municipios en el trabajo del Ministerio de Seguridad bonaerense, el titular de esa cartera calific\u00f3 como &quot;imprescindible&quot; la colaboraci\u00f3n de los distritos. Durante sendos actos, el Ministro, junto a los jefes comunales de cada distrito, entreg\u00f3 reconocimientos a los polic\u00edas de la regi\u00f3n junto a la presencia de autoridades de la fuerza y funcionarios locales.<\/p>\n","protected":false},"excerpt":{"rendered":"<p>El flamante ministro de Seguridad de la provincia de Buenos Aires, Sergio Berni, particip\u00f3 ayer de dos actos descentralizados\u00a0 por la conmemoraci\u00f3n del d\u00eda de la Polic\u00eda realizados en los municipios de Vicente L\u00f3pez y Tigre, donde estuvo acompa\u00f1ado por los respectivos jefes comunales, Jorge Macri y Julio Zamora.&quot;Nuestro \u00e1mbito de trabajo es la calle [&hellip;]<\/p>\n","protected":false},"author":1,"featured_media":4187,"comment_status":"open","ping_status":"open","sticky":false,"template":"","format":"standard","meta":{"_et_pb_use_builder":"","_et_pb_old_content":"","_et_gb_content_width":"","footnotes":""},"categories":[34,13],"tags":[],"class_list":["post-4186","post","type-post","status-publish","format-standard","has-post-thumbnail","hentry","category-politica","category-provincia"],"_links":{"self":[{"href":"https:\/\/vocesdebaires.com.ar\/index.php\/wp-json\/wp\/v2\/posts\/4186"}],"collection":[{"href":"https:\/\/vocesdebaires.com.ar\/index.php\/wp-json\/wp\/v2\/posts"}],"about":[{"href":"https:\/\/vocesdebaires.com.ar\/index.php\/wp-json\/wp\/v2\/types\/post"}],"author":[{"embeddable":true,"href":"https:\/\/vocesdebaires.com.ar\/index.php\/wp-json\/wp\/v2\/users\/1"}],"replies":[{"embeddable":true,"href":"https:\/\/vocesdebaires.com.ar\/index.php\/wp-json\/wp\/v2\/comments?post=4186"}],"version-history":[{"count":0,"href":"https:\/\/vocesdebaires.com.ar\/index.php\/wp-json\/wp\/v2\/posts\/4186\/revisions"}],"wp:featuredmedia":[{"embeddable":true,"href":"https:\/\/vocesdebaires.com.ar\/index.php\/wp-json\/wp\/v2\/media\/4187"}],"wp:attachment":[{"href":"https:\/\/vocesdebaires.com.ar\/index.php\/wp-json\/wp\/v2\/media?parent=4186"}],"wp:term":[{"taxonomy":"category","embeddable":true,"href":"https:\/\/vocesdebaires.com.ar\/index.php\/wp-json\/wp\/v2\/categories?post=4186"},{"taxonomy":"post_tag","embeddable":true,"href":"https:\/\/vocesdebaires.com.ar\/index.php\/wp-json\/wp\/v2\/tags?post=4186"}],"curies":[{"name":"wp","href":"https:\/\/api.w.org\/{rel}","templated":true}]}}