{"id":41860,"date":"2022-12-22T01:07:17","date_gmt":"2022-12-22T04:07:17","guid":{"rendered":"https:\/\/vocesdebaires.com.ar\/?p=41860"},"modified":"2022-12-22T01:07:17","modified_gmt":"2022-12-22T04:07:17","slug":"la-noche-de-los-almacenes-y-10-anos-de-una-experiencia-unica","status":"publish","type":"post","link":"https:\/\/vocesdebaires.com.ar\/index.php\/2022\/12\/22\/la-noche-de-los-almacenes-y-10-anos-de-una-experiencia-unica\/","title":{"rendered":"La noche de los almacenes y 10 a\u00f1os de una experiencia \u00fanica"},"content":{"rendered":"<p>El 7 de enero de 2023 el cielo de Roque P\u00e9rez invita a su gran fiesta anual: La Noche de los Almacenes. La m\u00edstica comienza a adue\u00f1arse del atardecer en el campo y como en una peregrinaci\u00f3n, los visitantes comienzan a recorrer las calles de tierra para encontrar naturaleza, un poco de historia, buena comida y m\u00fasica para vivir una inolvidable fiesta. Este a\u00f1o se cumplen 10 a\u00f1os de una fiesta que atrae a miles de personas cuyo \u00fanico objetivo es vivir la noche campestre y divertirse en grande, aprovechando los estrellados cielos del verano mientras se vivencian viejas \u00e9pocas.<\/p>\n<p>La Noche de los Almacenes es una de los eventos populares m\u00e1s importantes que brinda la provincia de Buenos Aires. Es por eso que los roqueperenses se preparan todo el a\u00f1o para que los visitantes se sientan como en casa. Desde varios puntos de Capital Federal como as\u00ed tambi\u00e9n de diversas ciudades, comienzan a llegar los turistas al atardecer y cada uno va eligiendo cu\u00e1l ser\u00e1 su almac\u00e9n preferido, m\u00e1s all\u00e1 que durante la noche los visiten a casi todos. La noche se vuelve m\u00e1gica ya que todos los almacenes rurales ubicados en los alrededores del pueblo abren sus puertas desplegando la excelente gastronom\u00eda bonaerense y la m\u00fasica local, representada por payadores, cantores, guitarristas, violinistas y grupos musicales que interact\u00faan permanentemente con el p\u00fablico presente.<\/p>\n<p>El encuentro y la m\u00edstica se conjugan al atardecer cuando el sol regala la primera gran foto y anticipa lo que ser\u00e1 esa gran noche, que a muchos encontrar\u00e1 reunidos hasta el amanecer en los patios de alguna de las antiguas pulper\u00edas y locales de ramos generales, que alguna vez fueron cuna de aquellos hombres de campo que llegaban hasta all\u00ed a caballo. M\u00fasica, encuentro, risas y baile se presentan mientras comienzan a circular empanadas cortadas a cuchillo y los asadores esperando a miles de comensales que, ante la variedad, no s\u00f3lo visitan un local, sino que circulan hora tras hora por todo el circuito de la Paz Chica y Carlos Beguerie.<\/p>\n<p>La Querencia, el Almac\u00e9n de Ramos Generales La Paz, La Estafeta, El Gramiyal, el Bar Lasca y el antiguo Almac\u00e9n San Francisco, a\u00fan se conserva en adobe como en el 1900, alistan -entre otros- sus tenedores para atender a miles de comensales que buscan no s\u00f3lo divertirse sino disfrutar de una velada puramente campera, con poca luz y mucha imaginaci\u00f3n. Algunos de los viejos locales se especializan en cazuelas y picadas, otros suman pastas caseras y fiambres. En ninguno falta la cerveza artesanal o incorporan cordero o lech\u00f3n adem\u00e1s de nuevos platillos para vegetarianos y cel\u00edacos \u2013beneficios de la modernidad. Camino a Beguerie est\u00e1 El Gramillal y m\u00e1s all\u00e1 La Perla como La Juana, abren sus puertas y revolucionan el pueblo ya que instalan mesas y sillas en jardines y patios aleda\u00f1os porque todos saben que se sirve uno de los mejores asados al asador de la regi\u00f3n.<\/p>\n<p><strong>Para reservar los almacenes participantes son:<\/strong><br \/>\n<strong>Parajes La Paz \/ La Paz Chica<\/strong><br \/>\n<strong>Almac\u00e9n La Paz Ramos Generales | (02227) 15410130<\/strong><br \/>\n<strong>La Estafeta | (02227) 15552881<\/strong><br \/>\n<strong>Los Amigos | (02227) 15570378<\/strong><br \/>\n<strong>Almac\u00e9n La Paz Chica | (02227) 15448989<\/strong><br \/>\n<strong>Almac\u00e9n San Francisco | (011) 1555680407<\/strong><\/p>\n<p><strong>Paraje La Gloria<\/strong><br \/>\n<strong>Club La Gloria | (02345) 15482271<\/strong><br \/>\n&#8212;&#8212;&#8212;&#8211;<br \/>\n<strong>Sobre Roque P\u00e9rez<\/strong><br \/>\n<strong>Centro Tradicionalista Los Baguales| (02227) 469957<\/strong><\/p>\n<p>Roque P\u00e9rez tiene atractivos todo el a\u00f1o, pero en primavera y verano se disfruta al m\u00e1ximo la vida al aire libre, combinada con una excelente oferta gastron\u00f3mica.En el centro de la ciudad la historia convoca hasta el Museo Casa de la Infancia del General Juan Domingo Per\u00f3n. El Rancho, como lo llaman los lugare\u00f1os, fue testigo del nacimiento del segundo hijo del Coronel Mario Tom\u00e1s Per\u00f3n y su esposa, Juana Sosa, el 7 de octubre de 1893, quien dos a\u00f1os despu\u00e9s ser\u00eda anotado en la ciudad de Lobos ya que en su cuartel no hab\u00eda registro Civil. Ya en su Juventud, Per\u00f3n ser\u00eda Presidente de todos los argentinos y modificar\u00eda parte de la historia nacional.<\/p>\n<p>La otra atracci\u00f3n se re\u00fane el segundo domingo de cada mes en la plaza central de la ciudad y es el Mercado Bien Aut\u00e9ntico, hecho por productores para la comunidad y en el cual no s\u00f3lo se pueden conseguir artesan\u00edas locales sino disfrutar de cocina en vivo, comidas t\u00edpicas, bebidas artesanales, juegos, murgas, artistas y un amplio sector de Ludoteca para ni\u00f1os adem\u00e1s de un show de cierre.<\/p>\n<p>En el Circuito La Paz Chica, a 13 km del centro, se puede visitar el Cine Club Col\u00f3n, construido por Jer\u00f3nimo Coltrinari por el 1933, en ladrillo a la vista asentados en cal. El edificio no s\u00f3lo atrae por sus caracter\u00edsticas sino por su ubicaci\u00f3n, que lo transforma en el \u00fanico cine teatro rural de la Provincia de Buenos Aires. All\u00ed se realizaban carreras de sortijas, domas, cuatreras y tambi\u00e9n casamientos y banquetes.<\/p>\n<p>Muchas de esas actividades se mantienen hoy y a ellas se les suman piezas de teatro con artistas locales e invitados, proyecci\u00f3n de cine como el Festival de Cine anual y campeonatos de truco entre otras actividades de fin de semana. Para completar el d\u00eda, caminar las calles del pueblo es volver a sentir aquellos atardeceres buc\u00f3licos de silencio donde uno escapa al sol del mediod\u00eda, visita la iglesia tan sencilla y bella, o descubre las viejas casonas de estilo recicladas.<\/p>\n<p>Cada fin de semana del a\u00f1o hay una excusa para visitar Roque P\u00e9rez. Si uno desea quedarse a dormir es posible alojarse en sus casas de familia, caba\u00f1as o en la bella Estancia La Dulce. Visitarlo es disfrutar de las sombras de la tupida arboleda o del perfume de los cerezos que florecen al comenzar cada primavera. Cada mediod\u00eda de fin de semana es una invitaci\u00f3n al placer de la comida de la abuela y cada tarde es el descubrimiento de una vida campera que a los citadinos nos resulta placentero por sus colores y sus silencios.<\/p>\n<p>@turismoroqueperez \/ www.facebook.com\/turismoroqueperez<\/p>\n","protected":false},"excerpt":{"rendered":"<p>El 7 de enero de 2023 el cielo de Roque P\u00e9rez invita a su gran fiesta anual: La Noche de los Almacenes. La m\u00edstica comienza a adue\u00f1arse del atardecer en el campo y como en una peregrinaci\u00f3n, los visitantes comienzan a recorrer las calles de tierra para encontrar naturaleza, un poco de historia, buena comida [&hellip;]<\/p>\n","protected":false},"author":2,"featured_media":41861,"comment_status":"open","ping_status":"open","sticky":false,"template":"","format":"standard","meta":{"_et_pb_use_builder":"","_et_pb_old_content":"","_et_gb_content_width":"","footnotes":""},"categories":[13,33],"tags":[],"class_list":["post-41860","post","type-post","status-publish","format-standard","has-post-thumbnail","hentry","category-provincia","category-sociedad-y-cultura-2"],"_links":{"self":[{"href":"https:\/\/vocesdebaires.com.ar\/index.php\/wp-json\/wp\/v2\/posts\/41860"}],"collection":[{"href":"https:\/\/vocesdebaires.com.ar\/index.php\/wp-json\/wp\/v2\/posts"}],"about":[{"href":"https:\/\/vocesdebaires.com.ar\/index.php\/wp-json\/wp\/v2\/types\/post"}],"author":[{"embeddable":true,"href":"https:\/\/vocesdebaires.com.ar\/index.php\/wp-json\/wp\/v2\/users\/2"}],"replies":[{"embeddable":true,"href":"https:\/\/vocesdebaires.com.ar\/index.php\/wp-json\/wp\/v2\/comments?post=41860"}],"version-history":[{"count":1,"href":"https:\/\/vocesdebaires.com.ar\/index.php\/wp-json\/wp\/v2\/posts\/41860\/revisions"}],"predecessor-version":[{"id":41862,"href":"https:\/\/vocesdebaires.com.ar\/index.php\/wp-json\/wp\/v2\/posts\/41860\/revisions\/41862"}],"wp:featuredmedia":[{"embeddable":true,"href":"https:\/\/vocesdebaires.com.ar\/index.php\/wp-json\/wp\/v2\/media\/41861"}],"wp:attachment":[{"href":"https:\/\/vocesdebaires.com.ar\/index.php\/wp-json\/wp\/v2\/media?parent=41860"}],"wp:term":[{"taxonomy":"category","embeddable":true,"href":"https:\/\/vocesdebaires.com.ar\/index.php\/wp-json\/wp\/v2\/categories?post=41860"},{"taxonomy":"post_tag","embeddable":true,"href":"https:\/\/vocesdebaires.com.ar\/index.php\/wp-json\/wp\/v2\/tags?post=41860"}],"curies":[{"name":"wp","href":"https:\/\/api.w.org\/{rel}","templated":true}]}}