{"id":41869,"date":"2022-12-22T01:18:04","date_gmt":"2022-12-22T04:18:04","guid":{"rendered":"https:\/\/vocesdebaires.com.ar\/?p=41869"},"modified":"2022-12-22T01:19:08","modified_gmt":"2022-12-22T04:19:08","slug":"union-de-trabajo-en-equipo-para-generar-soluciones-en-la-salud","status":"publish","type":"post","link":"https:\/\/vocesdebaires.com.ar\/index.php\/2022\/12\/22\/union-de-trabajo-en-equipo-para-generar-soluciones-en-la-salud\/","title":{"rendered":"Uni\u00f3n de Trabajo en equipo para generar soluciones en la salud"},"content":{"rendered":"<p>En el Auditorio del Hospital Universitario Austral, se realiz\u00f3 la primera jornada de presentaci\u00f3n de proyectos abordados por alumnos avanzados de Ingenier\u00eda Biom\u00e9dica e Inform\u00e1tica, para dar respuesta a necesidades concretas del Hospital. La direcci\u00f3n estuvo a cargo de Juan Pablo Bustamante, Director Acad\u00e9mico de la carrera de Ingenier\u00eda Biom\u00e9dica, Diego Pozzer, profesor de la carrera de Bioingenier\u00eda y Martin Salaberri, profesor de la carrera de Ingenier\u00eda Inform\u00e1tica de la Facultad de Ingenier\u00eda. Los alumnos pudieron desarrollar proyectos que resuelven distintas problem\u00e1ticas que se presentan en el \u00e1mbito del HUA. Los proyectos realizados por los alumnos de la Universidad Austral resuelven distintas problem\u00e1ticas que se presentan en el \u00e1mbito de la salud.<\/p>\n<p>Libreta de salud digital: una app de acompa\u00f1amiento para padres y pediatras conteniendo los datos relevantes de evoluci\u00f3n del crecimiento de los pacientes pedi\u00e1tricos. RecordApp: una app para incrementar la adherencia al control m\u00e9dico de pacientes con melanoma basado en la estratificaci\u00f3n de su riesgo. Ayuda, tanto al paciente y como al m\u00e9dico, a recordar los controles que se debe realizar. El fin es poder lograr la detecci\u00f3n r\u00e1pida de melanoma y as\u00ed proceder a su correspondiente tratamiento.<\/p>\n<p>Mejora de un simulador de punci\u00f3n lumbar para el Centro de Simulaci\u00f3n Cl\u00ednica de FCB: a trav\u00e9s de correcciones anat\u00f3micas, la optimizaci\u00f3n del tama\u00f1o y mejoras el\u00e9ctricas.<br \/>\nAmpliaci\u00f3n Integral del \u00c1rea de Neonatolog\u00eda: una soluci\u00f3n del espacio real en que se encuentra la sala de Neonatolog\u00eda del HUA. Viabilidad de Dise\u00f1o y Desarrollo de Tecnolog\u00edas para Asistencia en Reemplazo Total de Rodilla en Argentina. Propuesta de ampliaci\u00f3n integral del Servicio de Emergencias del Hospital Universitario Austral: como utilizar mejor el espacio para el Servicio de Emergencias del HUA.<\/p>\n<p>Propuesta de mejora del \u00c1rea de Esterilizaci\u00f3n del Hospital Universitario Austral Planificaci\u00f3n Quir\u00fargica 3D En la jornada estuvieron presentes el Director General de HUA, Ing. Rafael Arag\u00f3n, y la Decana de la Facultad de Ingenier\u00eda, Dra. Gabriela Robiolo, junto a profesores, alumnos y autoridades. Se expusieron todos los trabajos realizados: 2 aplicaciones inform\u00e1ticas y 6 proyectos del \u00e1rea biom\u00e9dica. Tanto el Ing. Rafael Arag\u00f3n como la Dra. Gabriela Robiolo hicieron \u00e9nfasis en la importancia del trabajo en conjunto entre las distintas disciplinas, lo que logra aportar valores a nuestra sociedad.<\/p>\n<p>\u201cDisfruto mucho que los estudiantes empiecen a aportar su valor en la incorporaci\u00f3n de la tecnolog\u00eda en las organizaciones y en el mundo de la salud, es por eso que generamos este espacio. Este es el primer hito que estamos logrando: poder generar el espacio en el que interact\u00faen m\u00e9dicos y estudiantes\u201d, afirm\u00f3 Rafael Arag\u00f3n. Por su lado, la Dra. Gabriela Robiolo destac\u00f3 que hace tiempo que est\u00e1n pensando c\u00f3mo generar valor en las actividades acad\u00e9micas de los alumnos para que puedan hacer un aporte a la sociedad. \u201cEntendemos que estamos dejando algo hecho y con impacto social. \u00bfC\u00f3mo se logra? Uniendo voluntades, alumnos que tienen la disponibilidad de tiempo y quieren aprender y m\u00e9dicos o personal administrativo que tienen necesidades concretas\u201d, sostuvo.<\/p>\n","protected":false},"excerpt":{"rendered":"<p>En el Auditorio del Hospital Universitario Austral, se realiz\u00f3 la primera jornada de presentaci\u00f3n de proyectos abordados por alumnos avanzados de Ingenier\u00eda Biom\u00e9dica e Inform\u00e1tica, para dar respuesta a necesidades concretas del Hospital. La direcci\u00f3n estuvo a cargo de Juan Pablo Bustamante, Director Acad\u00e9mico de la carrera de Ingenier\u00eda Biom\u00e9dica, Diego Pozzer, profesor de la [&hellip;]<\/p>\n","protected":false},"author":2,"featured_media":41870,"comment_status":"open","ping_status":"open","sticky":false,"template":"","format":"standard","meta":{"_et_pb_use_builder":"","_et_pb_old_content":"","_et_gb_content_width":"","footnotes":""},"categories":[11,33],"tags":[],"class_list":["post-41869","post","type-post","status-publish","format-standard","has-post-thumbnail","hentry","category-ciudad","category-sociedad-y-cultura-2"],"_links":{"self":[{"href":"https:\/\/vocesdebaires.com.ar\/index.php\/wp-json\/wp\/v2\/posts\/41869"}],"collection":[{"href":"https:\/\/vocesdebaires.com.ar\/index.php\/wp-json\/wp\/v2\/posts"}],"about":[{"href":"https:\/\/vocesdebaires.com.ar\/index.php\/wp-json\/wp\/v2\/types\/post"}],"author":[{"embeddable":true,"href":"https:\/\/vocesdebaires.com.ar\/index.php\/wp-json\/wp\/v2\/users\/2"}],"replies":[{"embeddable":true,"href":"https:\/\/vocesdebaires.com.ar\/index.php\/wp-json\/wp\/v2\/comments?post=41869"}],"version-history":[{"count":1,"href":"https:\/\/vocesdebaires.com.ar\/index.php\/wp-json\/wp\/v2\/posts\/41869\/revisions"}],"predecessor-version":[{"id":41871,"href":"https:\/\/vocesdebaires.com.ar\/index.php\/wp-json\/wp\/v2\/posts\/41869\/revisions\/41871"}],"wp:featuredmedia":[{"embeddable":true,"href":"https:\/\/vocesdebaires.com.ar\/index.php\/wp-json\/wp\/v2\/media\/41870"}],"wp:attachment":[{"href":"https:\/\/vocesdebaires.com.ar\/index.php\/wp-json\/wp\/v2\/media?parent=41869"}],"wp:term":[{"taxonomy":"category","embeddable":true,"href":"https:\/\/vocesdebaires.com.ar\/index.php\/wp-json\/wp\/v2\/categories?post=41869"},{"taxonomy":"post_tag","embeddable":true,"href":"https:\/\/vocesdebaires.com.ar\/index.php\/wp-json\/wp\/v2\/tags?post=41869"}],"curies":[{"name":"wp","href":"https:\/\/api.w.org\/{rel}","templated":true}]}}