{"id":41876,"date":"2022-12-23T16:15:51","date_gmt":"2022-12-23T19:15:51","guid":{"rendered":"https:\/\/vocesdebaires.com.ar\/?p=41876"},"modified":"2022-12-23T16:15:51","modified_gmt":"2022-12-23T19:15:51","slug":"ciudadel-20-de-diciembre-se-recuerda-el-dia-del-mensajero","status":"publish","type":"post","link":"https:\/\/vocesdebaires.com.ar\/index.php\/2022\/12\/23\/ciudadel-20-de-diciembre-se-recuerda-el-dia-del-mensajero\/","title":{"rendered":"Ciudad:El 20 de diciembre se recuerda el D\u00eda del Mensajero"},"content":{"rendered":"<p>La fecha se toma en memoria de Gast\u00f3n Riva, trabajador motoquero de mensajer\u00eda que fue asesinado por fuerzas policiales el 20 de diciembre de 2001 en la Ciudad de Buenos Aires durante la revuelta popular que culmin\u00f3 con la ca\u00edda del gobierno nacional. Ley 1.851. Sancionada el 24 de noviembre de 2005, publicada en el Bolet\u00edn Oficial de la Ciudad Nro. 2350 del 3 de enero de 2006.<\/p>\n","protected":false},"excerpt":{"rendered":"<p>La fecha se toma en memoria de Gast\u00f3n Riva, trabajador motoquero de mensajer\u00eda que fue asesinado por fuerzas policiales el 20 de diciembre de 2001 en la Ciudad de Buenos Aires durante la revuelta popular que culmin\u00f3 con la ca\u00edda del gobierno nacional. Ley 1.851. Sancionada el 24 de noviembre de 2005, publicada en el [&hellip;]<\/p>\n","protected":false},"author":3,"featured_media":41877,"comment_status":"open","ping_status":"open","sticky":false,"template":"","format":"standard","meta":{"_et_pb_use_builder":"","_et_pb_old_content":"","_et_gb_content_width":"","footnotes":""},"categories":[11,33],"tags":[],"class_list":["post-41876","post","type-post","status-publish","format-standard","has-post-thumbnail","hentry","category-ciudad","category-sociedad-y-cultura-2"],"_links":{"self":[{"href":"https:\/\/vocesdebaires.com.ar\/index.php\/wp-json\/wp\/v2\/posts\/41876"}],"collection":[{"href":"https:\/\/vocesdebaires.com.ar\/index.php\/wp-json\/wp\/v2\/posts"}],"about":[{"href":"https:\/\/vocesdebaires.com.ar\/index.php\/wp-json\/wp\/v2\/types\/post"}],"author":[{"embeddable":true,"href":"https:\/\/vocesdebaires.com.ar\/index.php\/wp-json\/wp\/v2\/users\/3"}],"replies":[{"embeddable":true,"href":"https:\/\/vocesdebaires.com.ar\/index.php\/wp-json\/wp\/v2\/comments?post=41876"}],"version-history":[{"count":1,"href":"https:\/\/vocesdebaires.com.ar\/index.php\/wp-json\/wp\/v2\/posts\/41876\/revisions"}],"predecessor-version":[{"id":41878,"href":"https:\/\/vocesdebaires.com.ar\/index.php\/wp-json\/wp\/v2\/posts\/41876\/revisions\/41878"}],"wp:featuredmedia":[{"embeddable":true,"href":"https:\/\/vocesdebaires.com.ar\/index.php\/wp-json\/wp\/v2\/media\/41877"}],"wp:attachment":[{"href":"https:\/\/vocesdebaires.com.ar\/index.php\/wp-json\/wp\/v2\/media?parent=41876"}],"wp:term":[{"taxonomy":"category","embeddable":true,"href":"https:\/\/vocesdebaires.com.ar\/index.php\/wp-json\/wp\/v2\/categories?post=41876"},{"taxonomy":"post_tag","embeddable":true,"href":"https:\/\/vocesdebaires.com.ar\/index.php\/wp-json\/wp\/v2\/tags?post=41876"}],"curies":[{"name":"wp","href":"https:\/\/api.w.org\/{rel}","templated":true}]}}