{"id":41893,"date":"2022-12-23T17:03:47","date_gmt":"2022-12-23T20:03:47","guid":{"rendered":"https:\/\/vocesdebaires.com.ar\/?p=41893"},"modified":"2022-12-23T17:03:47","modified_gmt":"2022-12-23T20:03:47","slug":"legislatura-portena-juraron-nuevos-consejeros-de-la-magistratura","status":"publish","type":"post","link":"https:\/\/vocesdebaires.com.ar\/index.php\/2022\/12\/23\/legislatura-portena-juraron-nuevos-consejeros-de-la-magistratura\/","title":{"rendered":"Legislatura porte\u00f1a: Juraron nuevos Consejeros de la Magistratura"},"content":{"rendered":"<p>El vicepresidente primero de la Legislatura porte\u00f1a, legislador Emmanuel Ferrario (VJ), tom\u00f3 juramento ayer viernes a tres nuevos miembros del Consejo de la Magistratura de la Ciudad Aut\u00f3noma de Buenos Aires. Se trata de los representantes del sector de los abogados: Genoveva Ferrero, Javier Concepci\u00f3n y Jorge Rizzo. De esta manera, el plenario del Consejo de la Magistratura qued\u00f3 conformado por Francisco Quintana (presidente), Alberto Biglieri y Ana Salvatelli, en representaci\u00f3n de los legisladores; Genoveva Ferrero, Jorge Rizzo y Javier Concepci\u00f3n, por el estamento de los abogados; y Fabiana Schafrik, Julia Correa y Rodolfo Ariza Clerici, como representantes del estamento de los jueces.<\/p>\n<p>El Consejo de la Magistratura integra el Poder Judicial de la CABA como \u00f3rgano permanente de selecci\u00f3n de magistrados y de administraci\u00f3n. Su funci\u00f3n consiste en asegurar la independencia y garantizar la eficaz prestaci\u00f3n del servicio de administraci\u00f3n de justicia, promover el \u00f3ptimo nivel de sus integrantes, y lograr la satisfacci\u00f3n de las demandas sociales sobre la funci\u00f3n jurisdiccional del Estado. En la misma sesi\u00f3n especial, juraron tambi\u00e9n ayer por la ma\u00f1ana siete nuevos integrantes del Jurado de Enjuiciamiento: M\u00f3nica Lovera, Carolina Canziani Aguilar, Alejandro Fargosi, Nahuel Altieri, Adri\u00e1n Fam\u00e1, Paula Colombo y Ezequiel Cassagne.<\/p>\n<p><strong>Autoridades del Poder Legislativo<\/strong><br \/>\nEl legislador Emmanuel Ferrario, de Vamos Juntos, fue reelecto para un nuevo per\u00edodo como vicepresidente primero de la Legislatura de la Ciudad. El legislador Mart\u00edn Ocampo (UCR-Evoluci\u00f3n) fue ratificado como vicepresidente segundo del cuerpo parlamentario y el socialista el legislador Roy Cortina, como vice tercero.<br \/>\nLa propuesta fue aprobada por 38 votos positivos (sobre 59 diputados presentes) y 18 negativos del Frente de Todos. Tres legisladores de izquierda se abstuvieron de votar.<\/p>\n<p><strong>Proyecto de baja de impuestos<\/strong><br \/>\nLa oposici\u00f3n del Frente de Todos (18 votos) y del Frente de Izquierda (3), impidi\u00f3 que la mayor\u00eda integrada por Vamos Juntos, P. Socialista, UCR-Ev, La Libertad Avanza, Republicanos Unidos y Consenso Federal (38 en total) pudiera alcanzar los dos tercios de los presentes para habilitar el debate de un proyecto oficialista en materia impositiva. Se trataba de una iniciativa de la Jefatura de Gobierno para derogar el impuesto de sellos que grava, con una al\u00edcuota del 1,2%, sobre liquidaciones o res\u00famenes peri\u00f3dicos de tarjetas de cr\u00e9dito.<\/p>\n<p>El mismo proyecto propon\u00eda reducir las al\u00edcuotas de los impuestos sobre ingresos brutos y de sellos para operaciones monetarias o de instrumentos financieros regulados por el Banco Central. Hubo debate sobre si deb\u00eda habilitarse o no el tratamiento sobre tablas de tan reciente iniciativa gubernamental pero no lleg\u00f3 a discutirse la cuesti\u00f3n de fondo, es decir el contenido del proyecto. Cuando un expediente no fue analizado previamente por las comisiones respectivas, que deben emitir dict\u00e1menes, su consideraci\u00f3n y votaci\u00f3n en el recinto solo puede realizarse con la anuencia de dos de cada tres legisladores presentes (el 66,66 %). En la sesi\u00f3n especial de hoy viernes hubo 59 legisladores, de los cuales 38 se manifestaron a favor y 21 en contra.<\/p>\n","protected":false},"excerpt":{"rendered":"<p>El vicepresidente primero de la Legislatura porte\u00f1a, legislador Emmanuel Ferrario (VJ), tom\u00f3 juramento ayer viernes a tres nuevos miembros del Consejo de la Magistratura de la Ciudad Aut\u00f3noma de Buenos Aires. Se trata de los representantes del sector de los abogados: Genoveva Ferrero, Javier Concepci\u00f3n y Jorge Rizzo. De esta manera, el plenario del Consejo [&hellip;]<\/p>\n","protected":false},"author":2,"featured_media":41894,"comment_status":"open","ping_status":"open","sticky":false,"template":"","format":"standard","meta":{"_et_pb_use_builder":"","_et_pb_old_content":"","_et_gb_content_width":"","footnotes":""},"categories":[11,33],"tags":[],"class_list":["post-41893","post","type-post","status-publish","format-standard","has-post-thumbnail","hentry","category-ciudad","category-sociedad-y-cultura-2"],"_links":{"self":[{"href":"https:\/\/vocesdebaires.com.ar\/index.php\/wp-json\/wp\/v2\/posts\/41893"}],"collection":[{"href":"https:\/\/vocesdebaires.com.ar\/index.php\/wp-json\/wp\/v2\/posts"}],"about":[{"href":"https:\/\/vocesdebaires.com.ar\/index.php\/wp-json\/wp\/v2\/types\/post"}],"author":[{"embeddable":true,"href":"https:\/\/vocesdebaires.com.ar\/index.php\/wp-json\/wp\/v2\/users\/2"}],"replies":[{"embeddable":true,"href":"https:\/\/vocesdebaires.com.ar\/index.php\/wp-json\/wp\/v2\/comments?post=41893"}],"version-history":[{"count":1,"href":"https:\/\/vocesdebaires.com.ar\/index.php\/wp-json\/wp\/v2\/posts\/41893\/revisions"}],"predecessor-version":[{"id":41895,"href":"https:\/\/vocesdebaires.com.ar\/index.php\/wp-json\/wp\/v2\/posts\/41893\/revisions\/41895"}],"wp:featuredmedia":[{"embeddable":true,"href":"https:\/\/vocesdebaires.com.ar\/index.php\/wp-json\/wp\/v2\/media\/41894"}],"wp:attachment":[{"href":"https:\/\/vocesdebaires.com.ar\/index.php\/wp-json\/wp\/v2\/media?parent=41893"}],"wp:term":[{"taxonomy":"category","embeddable":true,"href":"https:\/\/vocesdebaires.com.ar\/index.php\/wp-json\/wp\/v2\/categories?post=41893"},{"taxonomy":"post_tag","embeddable":true,"href":"https:\/\/vocesdebaires.com.ar\/index.php\/wp-json\/wp\/v2\/tags?post=41893"}],"curies":[{"name":"wp","href":"https:\/\/api.w.org\/{rel}","templated":true}]}}