{"id":41896,"date":"2022-12-23T17:14:54","date_gmt":"2022-12-23T20:14:54","guid":{"rendered":"https:\/\/vocesdebaires.com.ar\/?p=41896"},"modified":"2022-12-23T17:14:54","modified_gmt":"2022-12-23T20:14:54","slug":"ciudad-cronograma-de-servicios-publicos-para-el-24-y-25-de-diciembre","status":"publish","type":"post","link":"https:\/\/vocesdebaires.com.ar\/index.php\/2022\/12\/23\/ciudad-cronograma-de-servicios-publicos-para-el-24-y-25-de-diciembre\/","title":{"rendered":"Ciudad: Cronograma de Servicios P\u00fablicos para el 24 y 25 de diciembre"},"content":{"rendered":"<p>El Gobierno de la Ciudad Aut\u00f3noma de Buenos Aires informa el cronograma de servicios p\u00fablicos para el s\u00e1bado 24 y el domingo 25 de diciembre, feriados por Nochebuena y Navidad. Hospitales: funcionar\u00e1n las guardias, el SAME y las Unidades Febriles de Urgencia. Tambi\u00e9n los centros de testeos con atenci\u00f3n espec\u00edfica. Adem\u00e1s, el 24 los vacunatorios COVID-19 estar\u00e1n abiertos hasta las 12 horas, mientras que el 25 permanecer\u00e1n cerrados.<br \/>\nEscuelas: cerradas.<\/p>\n<p>Cementerios: las inhumaciones en los Cementerios de Chacarita, Flores, Recoleta y el ingreso de los fallecidos al Crematorio de la Ciudad Aut\u00f3noma de Buenos Aires se realizar\u00e1n el 24 diciembre en el horario de 9 a 12 horas a destino, recepcion\u00e1ndose el \u00faltimo tr\u00e1mite a las 11 e inici\u00e1ndose la \u00faltima inhumaci\u00f3n a las 11.30; y el 25 de diciembre de 9 a 12 horas, a dep\u00f3sito de Chacarita. Administraci\u00f3n Gubernamental de Ingresos P\u00fablicos y Direcci\u00f3n General de Rentas: cerradas.<\/p>\n<p><strong>Sedes Comunales: cerradas.<\/strong><br \/>\nRegistro Civil: permanecer\u00e1 cerrado. Funcionar\u00e1 s\u00f3lo la guardia de defunciones de 8 a 12.30.<\/p>\n<p>Recolecci\u00f3n de residuos: el 24 no habr\u00e1 recolecci\u00f3n de basura (evitar sacarla para que no se generen y se acumulen malos olores), mientras que el 25 el servicio funcionar\u00e1 de manera habitual. Estacionamiento: estar\u00e1 permitido estacionar sobre las avenidas y calles donde est\u00e1 prohibido estacionar los d\u00edas h\u00e1biles de 7 a 21 horas. No estar\u00e1 permitido estacionar sobre avenidas o calles donde est\u00e1 prohibido estacionar las 24 horas. El estacionamiento medido no tendr\u00e1 vigencia.\u00a0 En las rampas, veredas, ochavas, cocheras, paradas de colectivo, calles de convivencia, espacios reservados para personas con discapacidad, espacios reservados para cl\u00ednicas y hospitales y cajones de carga y descarga, sigue rigiendo la prohibici\u00f3n durante las 24 horas.<\/p>\n<p>Adem\u00e1s no habr\u00e1 restricci\u00f3n de ingreso a Centro y Tribunales peatonal. M\u00e1s informaci\u00f3n. Subtes y premetro: el s\u00e1bado el servicio funcionar\u00e1 desde las 6 horas, mientras que el domingo lo har\u00e1 desde las 8 hasta las 21\/22 horas seg\u00fan cada l\u00ednea, a excepci\u00f3n de la A y la D, que contin\u00faan con obras y funcionar\u00e1n el s\u00e1bado desde las 6.30 y el domingo desde las 8.30. A su vez, el premetro lo har\u00e1 de 6 a 21 horas el s\u00e1bado, y de 8 a 21 horas el domingo.<\/p>\n<p><strong>Ecobici: los usuarios de Ecobici tendr\u00e1n las siguientes opciones:<\/strong><br \/>\nRecreativo: Viaje \u00fanico: $130 &#8211; 1 viaje de hasta 30 minutos los s\u00e1bados, domingos y feriados; Diario: $280 &#8211; 6 viajes diarios de hasta 60 minutos. Fin de semana: $500 &#8211; 1 fin de semana: s\u00e1bado y domingo, hasta cuatro viajes de 60 minutos cada d\u00eda. Intensivo: Diario: $280 &#8211; hasta 6 viajes diarios de hasta 60 minutos; Mensual: $1.275 &#8211; hasta 6 viajes de 60 minutos al d\u00eda durante un mes; Anual: $10.890 &#8211; hasta 6 viajes de 60 minutos al d\u00eda durante un a\u00f1o. Tur\u00edstico: (s\u00f3lo para turistas extranjeros): Diario: $280 &#8211; hasta 6 viajes diarios de hasta 60 minutos; 3 d\u00edas: $3.500 &#8211; viajes ilimitados de hasta 120 minutos, durante 72 horas; 7 d\u00edas: $4.200 &#8211; viajes ilimitados de hasta 120 minutos, durante 7 d\u00edas; Viaje \u00fanico: $500 &#8211; 1 viaje de hasta 30 minutos. Peajes: los peajes funcionar\u00e1n con normalidad, tomando como hora pico el horario de fin de semana, es decir, de 11 a 15 horas sentido Provincia, y de 17 a 21 horas sentido Centro.<br \/>\nRegistro de licencias para conducir, sede Roca: cerrada.<\/p>\n<p><strong>Pista de aprendizaje: estar\u00e1 cerrada.<\/strong><br \/>\nVerificaci\u00f3n T\u00e9cnica Vehicular: las siete plantas permanecer\u00e1n cerradas.<br \/>\nDirecci\u00f3n General de Infracciones: cerrada.<br \/>\nPolic\u00eda y Bomberos de la Ciudad + Emergencias L\u00ednea 911; Log\u00edstica, Defensa Civil, Guardia de Auxilio y Emergencias + L\u00ednea 103: guardias activas las 24 horas.<\/p>\n<p><strong>Parques:<\/strong><br \/>\nReserva Ecol\u00f3gica Lago Lugano: cerrada.<br \/>\nJard\u00edn Bot\u00e1nico Carlos Thays: cerrado.<br \/>\nEcoparque: cerrado<br \/>\nReserva Ecol\u00f3gica Costanera Sur: cerrada<br \/>\nReserva Ecol\u00f3gica Ciudad Universitaria Costanera Norte: cerrada.<\/p>\n<p>Museos: cerrados. M\u00e1s informaci\u00f3n.<br \/>\nBibliotecas p\u00fablicas: cerradas.<br \/>\nTeatros dependientes del GCBA:<\/p>\n<p>Complejo Teatral de Buenos Aires: cerrado.<br \/>\nCentro Cultural San Mart\u00edn: cerrado.<br \/>\nCentro Cultural 25 de Mayo: cerrado.<br \/>\nCentro Cultural Recoleta: cerrado.<br \/>\nTeatro Col\u00f3n: cerrado.<br \/>\nUsina del Arte: cerrada.<\/p>\n","protected":false},"excerpt":{"rendered":"<p>El Gobierno de la Ciudad Aut\u00f3noma de Buenos Aires informa el cronograma de servicios p\u00fablicos para el s\u00e1bado 24 y el domingo 25 de diciembre, feriados por Nochebuena y Navidad. Hospitales: funcionar\u00e1n las guardias, el SAME y las Unidades Febriles de Urgencia. Tambi\u00e9n los centros de testeos con atenci\u00f3n espec\u00edfica. Adem\u00e1s, el 24 los vacunatorios [&hellip;]<\/p>\n","protected":false},"author":2,"featured_media":41897,"comment_status":"open","ping_status":"open","sticky":false,"template":"","format":"standard","meta":{"_et_pb_use_builder":"","_et_pb_old_content":"","_et_gb_content_width":"","footnotes":""},"categories":[11,33],"tags":[],"class_list":["post-41896","post","type-post","status-publish","format-standard","has-post-thumbnail","hentry","category-ciudad","category-sociedad-y-cultura-2"],"_links":{"self":[{"href":"https:\/\/vocesdebaires.com.ar\/index.php\/wp-json\/wp\/v2\/posts\/41896"}],"collection":[{"href":"https:\/\/vocesdebaires.com.ar\/index.php\/wp-json\/wp\/v2\/posts"}],"about":[{"href":"https:\/\/vocesdebaires.com.ar\/index.php\/wp-json\/wp\/v2\/types\/post"}],"author":[{"embeddable":true,"href":"https:\/\/vocesdebaires.com.ar\/index.php\/wp-json\/wp\/v2\/users\/2"}],"replies":[{"embeddable":true,"href":"https:\/\/vocesdebaires.com.ar\/index.php\/wp-json\/wp\/v2\/comments?post=41896"}],"version-history":[{"count":1,"href":"https:\/\/vocesdebaires.com.ar\/index.php\/wp-json\/wp\/v2\/posts\/41896\/revisions"}],"predecessor-version":[{"id":41898,"href":"https:\/\/vocesdebaires.com.ar\/index.php\/wp-json\/wp\/v2\/posts\/41896\/revisions\/41898"}],"wp:featuredmedia":[{"embeddable":true,"href":"https:\/\/vocesdebaires.com.ar\/index.php\/wp-json\/wp\/v2\/media\/41897"}],"wp:attachment":[{"href":"https:\/\/vocesdebaires.com.ar\/index.php\/wp-json\/wp\/v2\/media?parent=41896"}],"wp:term":[{"taxonomy":"category","embeddable":true,"href":"https:\/\/vocesdebaires.com.ar\/index.php\/wp-json\/wp\/v2\/categories?post=41896"},{"taxonomy":"post_tag","embeddable":true,"href":"https:\/\/vocesdebaires.com.ar\/index.php\/wp-json\/wp\/v2\/tags?post=41896"}],"curies":[{"name":"wp","href":"https:\/\/api.w.org\/{rel}","templated":true}]}}