{"id":41899,"date":"2022-12-23T17:18:45","date_gmt":"2022-12-23T20:18:45","guid":{"rendered":"https:\/\/vocesdebaires.com.ar\/?p=41899"},"modified":"2022-12-23T17:18:45","modified_gmt":"2022-12-23T20:18:45","slug":"larreta-el-presidente-decidio-atentar-contra-la-democracia","status":"publish","type":"post","link":"https:\/\/vocesdebaires.com.ar\/index.php\/2022\/12\/23\/larreta-el-presidente-decidio-atentar-contra-la-democracia\/","title":{"rendered":"Larreta: \u201cEl Presidente decidi\u00f3 atentar contra la democracia\u201d"},"content":{"rendered":"<p>El jefe de Gobierno porte\u00f1o, Horacio Rodr\u00edguez Larreta, critic\u00f3 hoy viernes la decisi\u00f3n del Gobierno nacional de no acatar el fallo de la Corte Suprema de Justicia que orden\u00f3 restituir fondos de la coparticipaci\u00f3n a la Ciudad y asegur\u00f3 que \u201cel Presidente decidi\u00f3 quebrar el orden constitucional, violar por completo el Estado de Derecho y atentar contra la democracia\u201d. Rodr\u00edguez Larreta adelant\u00f3 que la Ciudad har\u00e1 una presentaci\u00f3n ante la Corte para informar del incumplimiento llevado a cabo por el Gobierno nacional: \u201cVamos a denunciar a los organismos y a cada uno de los funcionarios responsables de incumplir el fallo\u201d, se\u00f1al\u00f3, acompa\u00f1ado por el gabinete de la Ciudad.<\/p>\n<p>Adem\u00e1s, inform\u00f3 que \u201cel bloque de Juntos por el Cambio en el Congreso est\u00e1 analizando otras acciones judiciales y legislativas para defender la legalidad y el estado de Derecho\u201d.<br \/>\nEl Jefe de Gobierno subray\u00f3 que \u201cdesde la vuelta de la democracia no hay antecedentes de un Presidente no cumpliendo un fallo de la Corte\u201d y se\u00f1al\u00f3 que la medida adoptada por el Gobierno nacional \u201ces el peor intento de una larga lista de ataques del kirchnerismo para anular por completo al Poder Judicial\u201d. En ese sentido, remarc\u00f3 que \u201ccumplir la Constituci\u00f3n no es opcional\u201d. Y agreg\u00f3: \u201cSi no aceptamos la Constituci\u00f3n, no podemos convivir en una sociedad y la democracia no funciona. Ya lo aprendimos. No volvamos atr\u00e1s\u201d.<\/p>\n<p>Rodr\u00edguez Larreta remarc\u00f3 las consecuencias para el pa\u00eds de la decisi\u00f3n del Gobierno nacional: \u201cEsto no es en contra de la Ciudad. Es en contra de la Constituci\u00f3n Nacional, de la seguridad jur\u00eddica en nuestro pa\u00eds. Es en contra de cualquier posibilidad de desarrollo\u201d.El Jefe de Gobierno cuestion\u00f3 que \u201cgobernadores que fueron votados para defender a sus provincias, hoy apoyan el hecho de que el Gobierno Nacional pueda arbitrariamente sacarle fondos a un distrito aut\u00f3nomo. Apoyan que el presidente de la Naci\u00f3n se ponga por encima de la Constituci\u00f3n Nacional\u201d.<\/p>\n<p><strong>El fallo de la Corte Suprema que orden\u00f3 restituir fondos de la coparticipaci\u00f3n a la Ciudad<\/strong><br \/>\nLa Corte orden\u00f3 el mi\u00e9rcoles restituir fondos de la coparticipaci\u00f3n a la Ciudad, quitados de forma unilateral por el Gobierno Nacional. El fallo del m\u00e1ximo tribunal se\u00f1al\u00f3 que la demanda se encuentra fundamentada y que la quita de recursos alter\u00f3 la calidad y cantidad de los bienes y servicios p\u00fablicos que se provee a la poblaci\u00f3n. Asimismo, aclar\u00f3 que las transferencias de servicios y competencias -con sus recursos correspondientes- se sustentan en acuerdos de partes y que el Gobierno nacional no puede reducir el financiamiento unilateralmente.<\/p>\n<p>Tambi\u00e9n especific\u00f3 que la transferencia del servicio de Seguridad a la Ciudad no afect\u00f3 la coparticipaci\u00f3n de las provincias, ya que los recursos siempre provinieron de la parte que le corresponde a la Naci\u00f3n. El fallo resolvi\u00f3 fijar un coeficiente del 2,95% para la Ciudad, en lugar del 3,5% que se le otorg\u00f3 al momento de la transferencia del servicio de Seguridad.<br \/>\nEl hecho de que no se haya reconocido la totalidad del reclamo, implica que la Ciudad continuar\u00e1 solicitando en la Justicia la restituci\u00f3n \u00edntegra de los recursos reclamados.<\/p>\n","protected":false},"excerpt":{"rendered":"<p>El jefe de Gobierno porte\u00f1o, Horacio Rodr\u00edguez Larreta, critic\u00f3 hoy viernes la decisi\u00f3n del Gobierno nacional de no acatar el fallo de la Corte Suprema de Justicia que orden\u00f3 restituir fondos de la coparticipaci\u00f3n a la Ciudad y asegur\u00f3 que \u201cel Presidente decidi\u00f3 quebrar el orden constitucional, violar por completo el Estado de Derecho y [&hellip;]<\/p>\n","protected":false},"author":2,"featured_media":41900,"comment_status":"open","ping_status":"open","sticky":false,"template":"","format":"standard","meta":{"_et_pb_use_builder":"","_et_pb_old_content":"","_et_gb_content_width":"","footnotes":""},"categories":[11,33],"tags":[],"class_list":["post-41899","post","type-post","status-publish","format-standard","has-post-thumbnail","hentry","category-ciudad","category-sociedad-y-cultura-2"],"_links":{"self":[{"href":"https:\/\/vocesdebaires.com.ar\/index.php\/wp-json\/wp\/v2\/posts\/41899"}],"collection":[{"href":"https:\/\/vocesdebaires.com.ar\/index.php\/wp-json\/wp\/v2\/posts"}],"about":[{"href":"https:\/\/vocesdebaires.com.ar\/index.php\/wp-json\/wp\/v2\/types\/post"}],"author":[{"embeddable":true,"href":"https:\/\/vocesdebaires.com.ar\/index.php\/wp-json\/wp\/v2\/users\/2"}],"replies":[{"embeddable":true,"href":"https:\/\/vocesdebaires.com.ar\/index.php\/wp-json\/wp\/v2\/comments?post=41899"}],"version-history":[{"count":1,"href":"https:\/\/vocesdebaires.com.ar\/index.php\/wp-json\/wp\/v2\/posts\/41899\/revisions"}],"predecessor-version":[{"id":41901,"href":"https:\/\/vocesdebaires.com.ar\/index.php\/wp-json\/wp\/v2\/posts\/41899\/revisions\/41901"}],"wp:featuredmedia":[{"embeddable":true,"href":"https:\/\/vocesdebaires.com.ar\/index.php\/wp-json\/wp\/v2\/media\/41900"}],"wp:attachment":[{"href":"https:\/\/vocesdebaires.com.ar\/index.php\/wp-json\/wp\/v2\/media?parent=41899"}],"wp:term":[{"taxonomy":"category","embeddable":true,"href":"https:\/\/vocesdebaires.com.ar\/index.php\/wp-json\/wp\/v2\/categories?post=41899"},{"taxonomy":"post_tag","embeddable":true,"href":"https:\/\/vocesdebaires.com.ar\/index.php\/wp-json\/wp\/v2\/tags?post=41899"}],"curies":[{"name":"wp","href":"https:\/\/api.w.org\/{rel}","templated":true}]}}