{"id":41935,"date":"2022-12-28T00:00:58","date_gmt":"2022-12-28T03:00:58","guid":{"rendered":"https:\/\/vocesdebaires.com.ar\/?p=41935"},"modified":"2022-12-27T18:55:41","modified_gmt":"2022-12-27T21:55:41","slug":"los-legisladores-portenos-destacaron-las-obras-y-la-trayectoria-de-el-budatom","status":"publish","type":"post","link":"https:\/\/vocesdebaires.com.ar\/index.php\/2022\/12\/28\/los-legisladores-portenos-destacaron-las-obras-y-la-trayectoria-de-el-budatom\/","title":{"rendered":"Legisladores porte\u00f1os destacaron las obras y la trayectoria de \u201cEl Budatom\u201d"},"content":{"rendered":"<p>El Cuerpo Legislativo de la Ciudad declar\u00f3 al artista callejero Gast\u00f3n \u201cEl Budatom\u201d Giraldez como Personalidad Destacada en el \u00e1mbito de la Cultura. El acto se llev\u00f3 a cabo en el Sal\u00f3n Montevideo y cont\u00f3 con la presencia de la legisladora porte\u00f1a y autora del proyecto Mar\u00eda Luisa Gonz\u00e1lez Estevarena (VJ) y el homenajeado. \u201cGast\u00f3n le pone color a la vida, a las veredas y a nuestra querida Ciudad de Buenos Aires\u201d, resalt\u00f3 la legisladora, en el comienzo de las alocuciones. En ese sentido, tambi\u00e9n destac\u00f3 que es \u201cun artista completo\u201d y que su obra nos invita a reflexionar sobre la realidad. \u201cEs un reconocimiento de toda la ciudad a su arte\u201d, agreg\u00f3 la legisladora.<\/p>\n<p>Por su parte, Giraldez agradeci\u00f3 a Gonz\u00e1lez Estevarena por la declaraci\u00f3n. Tambi\u00e9n rememor\u00f3 su llegada a la Ciudad y el comienzo de su carrera art\u00edstica. \u201cLo que sucede es que habl\u00e1s con la gente, socializas mucho. Y ah\u00ed urge la verdadera acci\u00f3n de lo que hago\u201d, agreg\u00f3 el artista, en relaci\u00f3n a sus obras y su trabajo en la v\u00eda p\u00fablica. \u201cEl futuro que uno quiere no necesariamente es plata o estar en una casa propia, a veces el futuro es dejar una marca en el mundo. Y mi marca art\u00edstica deb\u00eda ser m\u00e1s ruidosa, que todos la vean. Eso es trascender\u201d, concluy\u00f3 El Budatom.<\/p>\n","protected":false},"excerpt":{"rendered":"<p>El Cuerpo Legislativo de la Ciudad declar\u00f3 al artista callejero Gast\u00f3n \u201cEl Budatom\u201d Giraldez como Personalidad Destacada en el \u00e1mbito de la Cultura. El acto se llev\u00f3 a cabo en el Sal\u00f3n Montevideo y cont\u00f3 con la presencia de la legisladora porte\u00f1a y autora del proyecto Mar\u00eda Luisa Gonz\u00e1lez Estevarena (VJ) y el homenajeado. \u201cGast\u00f3n [&hellip;]<\/p>\n","protected":false},"author":2,"featured_media":41936,"comment_status":"open","ping_status":"open","sticky":false,"template":"","format":"standard","meta":{"_et_pb_use_builder":"","_et_pb_old_content":"","_et_gb_content_width":"","footnotes":""},"categories":[11,33],"tags":[],"class_list":["post-41935","post","type-post","status-publish","format-standard","has-post-thumbnail","hentry","category-ciudad","category-sociedad-y-cultura-2"],"_links":{"self":[{"href":"https:\/\/vocesdebaires.com.ar\/index.php\/wp-json\/wp\/v2\/posts\/41935"}],"collection":[{"href":"https:\/\/vocesdebaires.com.ar\/index.php\/wp-json\/wp\/v2\/posts"}],"about":[{"href":"https:\/\/vocesdebaires.com.ar\/index.php\/wp-json\/wp\/v2\/types\/post"}],"author":[{"embeddable":true,"href":"https:\/\/vocesdebaires.com.ar\/index.php\/wp-json\/wp\/v2\/users\/2"}],"replies":[{"embeddable":true,"href":"https:\/\/vocesdebaires.com.ar\/index.php\/wp-json\/wp\/v2\/comments?post=41935"}],"version-history":[{"count":2,"href":"https:\/\/vocesdebaires.com.ar\/index.php\/wp-json\/wp\/v2\/posts\/41935\/revisions"}],"predecessor-version":[{"id":41938,"href":"https:\/\/vocesdebaires.com.ar\/index.php\/wp-json\/wp\/v2\/posts\/41935\/revisions\/41938"}],"wp:featuredmedia":[{"embeddable":true,"href":"https:\/\/vocesdebaires.com.ar\/index.php\/wp-json\/wp\/v2\/media\/41936"}],"wp:attachment":[{"href":"https:\/\/vocesdebaires.com.ar\/index.php\/wp-json\/wp\/v2\/media?parent=41935"}],"wp:term":[{"taxonomy":"category","embeddable":true,"href":"https:\/\/vocesdebaires.com.ar\/index.php\/wp-json\/wp\/v2\/categories?post=41935"},{"taxonomy":"post_tag","embeddable":true,"href":"https:\/\/vocesdebaires.com.ar\/index.php\/wp-json\/wp\/v2\/tags?post=41935"}],"curies":[{"name":"wp","href":"https:\/\/api.w.org\/{rel}","templated":true}]}}