{"id":41939,"date":"2022-12-28T00:00:32","date_gmt":"2022-12-28T03:00:32","guid":{"rendered":"https:\/\/vocesdebaires.com.ar\/?p=41939"},"modified":"2022-12-27T18:59:18","modified_gmt":"2022-12-27T21:59:18","slug":"en-la-ciudadlos-legisladores-reconocieron-la-labor-de-la-libreria","status":"publish","type":"post","link":"https:\/\/vocesdebaires.com.ar\/index.php\/2022\/12\/28\/en-la-ciudadlos-legisladores-reconocieron-la-labor-de-la-libreria\/","title":{"rendered":"En la ciudad:Los legisladores reconocieron la labor de la librer\u00eda"},"content":{"rendered":"<p>El Cuerpo Legislativo declar\u00f3 de Inter\u00e9s Cultural para la Ciudad a la librer\u00eda El Ateneo por sus 110 a\u00f1os de historia. El acto se llev\u00f3 a cabo en la Biblioteca Esteban Echeverr\u00eda y cont\u00f3 con la presencia del legislador y autor del proyecto Juan Pablo Arenaza (VJ), los responsables de Comunicaci\u00f3n y Marketing del Grupo Ilhsa Melina Dorfman y Hugo Cayssials. En el comienzo de las alocuciones, el legislador porte\u00f1o Juan Pablo Arenaza brind\u00f3 la bienvenida y subray\u00f3: \u201cla tarea que hacen es fundamental para la cultura del pa\u00eds y de la Ciudad\u201d. Tambi\u00e9n destac\u00f3 el valor cultural de la Ciudad de Buenos Aires, \u201cuna de las ciudades con mayor concentraci\u00f3n de librer\u00edas en el mundo\u201d.<\/p>\n<p>Por su parte, Dorfman relat\u00f3 la historia de El Ateneo y en c\u00f3mo varias figuras de la cultura popular pasaron por la librer\u00eda como Jorge Luis Borges, Mar\u00eda Elena Walsh, John Katzenbach, Ray Bradbury, Charly Garc\u00eda, Fito P\u00e1ez y Soda Stereo, entre muchos otros.\u00a0 \u201cNos gusta pensar en la cultura como en un gran juego, que nos mantiene cobijados en las buenas y en las malas\u201d, sum\u00f3 Dorfman. Por \u00faltimo Cayssials, concluy\u00f3: \u201cEs un honor recibir esta distinci\u00f3n a una labor de 110 a\u00f1os por generar acciones de inter\u00e9s cultural para los ciudadanos de Buenos Aires, Argentina toda y visitantes extranjeros. Brindamos por muchos a\u00f1os m\u00e1s\u201d.<\/p>\n<p>Este 2022, la cadena de librer\u00edas El Ateneo cumple 110 a\u00f1os en la Ciudad de Buenos Aires. El primer local se inaugur\u00f3 en 1912, en pleno centro porte\u00f1o, en la calle Victoria 653 -hoy Hip\u00f3lito Yrigoyen-, entre Per\u00fa y Chacabuco. Y fue fundada por el inmigrante espa\u00f1ol Pedro Garc\u00eda, que tambi\u00e9n incluy\u00f3 desde un principio su propia editorial.\u00a0 En 1917, el local se mud\u00f3 a Florida 371 y en 1932 se abri\u00f3 otra sucursal en Avenida C\u00f3rdoba 2099, frente a la Facultad de Medicina, donde ofrec\u00eda un importante cat\u00e1logo de esa especialidad. A\u00f1os m\u00e1s tarde El Ateneo de la calle Florida se traslad\u00f3 al tradicional edificio de Florida 340, de cuatro plantas, donde contin\u00faa hasta hoy y cuenta incluso con un auditorio con capacidad para 130 personas y una cafeter\u00eda.<\/p>\n","protected":false},"excerpt":{"rendered":"<p>El Cuerpo Legislativo declar\u00f3 de Inter\u00e9s Cultural para la Ciudad a la librer\u00eda El Ateneo por sus 110 a\u00f1os de historia. El acto se llev\u00f3 a cabo en la Biblioteca Esteban Echeverr\u00eda y cont\u00f3 con la presencia del legislador y autor del proyecto Juan Pablo Arenaza (VJ), los responsables de Comunicaci\u00f3n y Marketing del Grupo [&hellip;]<\/p>\n","protected":false},"author":2,"featured_media":41940,"comment_status":"open","ping_status":"open","sticky":false,"template":"","format":"standard","meta":{"_et_pb_use_builder":"","_et_pb_old_content":"","_et_gb_content_width":"","footnotes":""},"categories":[11,33],"tags":[],"class_list":["post-41939","post","type-post","status-publish","format-standard","has-post-thumbnail","hentry","category-ciudad","category-sociedad-y-cultura-2"],"_links":{"self":[{"href":"https:\/\/vocesdebaires.com.ar\/index.php\/wp-json\/wp\/v2\/posts\/41939"}],"collection":[{"href":"https:\/\/vocesdebaires.com.ar\/index.php\/wp-json\/wp\/v2\/posts"}],"about":[{"href":"https:\/\/vocesdebaires.com.ar\/index.php\/wp-json\/wp\/v2\/types\/post"}],"author":[{"embeddable":true,"href":"https:\/\/vocesdebaires.com.ar\/index.php\/wp-json\/wp\/v2\/users\/2"}],"replies":[{"embeddable":true,"href":"https:\/\/vocesdebaires.com.ar\/index.php\/wp-json\/wp\/v2\/comments?post=41939"}],"version-history":[{"count":1,"href":"https:\/\/vocesdebaires.com.ar\/index.php\/wp-json\/wp\/v2\/posts\/41939\/revisions"}],"predecessor-version":[{"id":41941,"href":"https:\/\/vocesdebaires.com.ar\/index.php\/wp-json\/wp\/v2\/posts\/41939\/revisions\/41941"}],"wp:featuredmedia":[{"embeddable":true,"href":"https:\/\/vocesdebaires.com.ar\/index.php\/wp-json\/wp\/v2\/media\/41940"}],"wp:attachment":[{"href":"https:\/\/vocesdebaires.com.ar\/index.php\/wp-json\/wp\/v2\/media?parent=41939"}],"wp:term":[{"taxonomy":"category","embeddable":true,"href":"https:\/\/vocesdebaires.com.ar\/index.php\/wp-json\/wp\/v2\/categories?post=41939"},{"taxonomy":"post_tag","embeddable":true,"href":"https:\/\/vocesdebaires.com.ar\/index.php\/wp-json\/wp\/v2\/tags?post=41939"}],"curies":[{"name":"wp","href":"https:\/\/api.w.org\/{rel}","templated":true}]}}