{"id":41942,"date":"2022-12-28T00:00:55","date_gmt":"2022-12-28T03:00:55","guid":{"rendered":"https:\/\/vocesdebaires.com.ar\/?p=41942"},"modified":"2022-12-27T19:03:49","modified_gmt":"2022-12-27T22:03:49","slug":"amia-vaad-hakehilot-y-la-celebraciones-de-januca-con-espiritu-federal","status":"publish","type":"post","link":"https:\/\/vocesdebaires.com.ar\/index.php\/2022\/12\/28\/amia-vaad-hakehilot-y-la-celebraciones-de-januca-con-espiritu-federal\/","title":{"rendered":"Vaad Hakehilot y la celebraciones de Januc\u00e1 con esp\u00edritu federal"},"content":{"rendered":"<p>Con motivo de la festividad de Januc\u00e1, que comenz\u00f3 el domingo 18 y que finaliz\u00f3 el lunes 26 de diciembre, el Vaad Hakehilot de AMIA organiz\u00f3 diversas propuestas para acompa\u00f1ar y transmitir las tradiciones de la \u201cfiesta de las luminarias\u201d a los integrantes de las comunidades jud\u00edas de todo el pa\u00eds.Adem\u00e1s del encendido de la Januki\u00e1 (candelabro) y los mensajes de los rabinos de cada kehil\u00e1, esta nueva edici\u00f3n del programa \u201cJanuc\u00e1 federal\u201d, cont\u00f3 con shows de magia, conciertos, presentaciones de m\u00fasica Klezmer y el tradicional baile de rikudim. Tambi\u00e9n se realizaron clases de cocina para aprender a preparar las comidas t\u00edpicas de esta celebraci\u00f3n. \u201cElegimos la festividad de Januc\u00e1 para poder desarrollar diversas iniciativas que nos acerquen a las comunidades jud\u00edas de todo el pa\u00eds.<\/p>\n<p>A trav\u00e9s de las distintas propuestas buscamos asistir, trabajar en conjunto, y fortalecer la vida comunitaria de cada kehil\u00e1\u201d, expres\u00f3 Eliahu Hamra, presidente de la Federaci\u00f3n de Comunidades Jud\u00edas de la Argentina. \u201cNos llena de felicidad y orgullo poder acompa\u00f1ar a las kehilot en sus festejos de Januc\u00e1. Nos emociona ver a las familias unidas, celebrando y compartiendo la transmisi\u00f3n de la tradici\u00f3n\u201d, agreg\u00f3. Las actividades tuvieron lugar en las ciudades de Paran\u00e1, Santa Fe, Ceres, Villaguay, Villa Clara, Basabilbaso, Dom\u00ednguez, San Salvador, C\u00f3rdoba, Tucum\u00e1n, Rafaela, San Luis, Catamarca, San Mart\u00edn de los Andes, Mois\u00e9s Ville, Corrientes, San Juan y Concordia.<\/p>\n","protected":false},"excerpt":{"rendered":"<p>Con motivo de la festividad de Januc\u00e1, que comenz\u00f3 el domingo 18 y que finaliz\u00f3 el lunes 26 de diciembre, el Vaad Hakehilot de AMIA organiz\u00f3 diversas propuestas para acompa\u00f1ar y transmitir las tradiciones de la \u201cfiesta de las luminarias\u201d a los integrantes de las comunidades jud\u00edas de todo el pa\u00eds.Adem\u00e1s del encendido de la [&hellip;]<\/p>\n","protected":false},"author":2,"featured_media":41943,"comment_status":"open","ping_status":"open","sticky":false,"template":"","format":"standard","meta":{"_et_pb_use_builder":"","_et_pb_old_content":"","_et_gb_content_width":"","footnotes":""},"categories":[11,33],"tags":[],"class_list":["post-41942","post","type-post","status-publish","format-standard","has-post-thumbnail","hentry","category-ciudad","category-sociedad-y-cultura-2"],"_links":{"self":[{"href":"https:\/\/vocesdebaires.com.ar\/index.php\/wp-json\/wp\/v2\/posts\/41942"}],"collection":[{"href":"https:\/\/vocesdebaires.com.ar\/index.php\/wp-json\/wp\/v2\/posts"}],"about":[{"href":"https:\/\/vocesdebaires.com.ar\/index.php\/wp-json\/wp\/v2\/types\/post"}],"author":[{"embeddable":true,"href":"https:\/\/vocesdebaires.com.ar\/index.php\/wp-json\/wp\/v2\/users\/2"}],"replies":[{"embeddable":true,"href":"https:\/\/vocesdebaires.com.ar\/index.php\/wp-json\/wp\/v2\/comments?post=41942"}],"version-history":[{"count":2,"href":"https:\/\/vocesdebaires.com.ar\/index.php\/wp-json\/wp\/v2\/posts\/41942\/revisions"}],"predecessor-version":[{"id":41945,"href":"https:\/\/vocesdebaires.com.ar\/index.php\/wp-json\/wp\/v2\/posts\/41942\/revisions\/41945"}],"wp:featuredmedia":[{"embeddable":true,"href":"https:\/\/vocesdebaires.com.ar\/index.php\/wp-json\/wp\/v2\/media\/41943"}],"wp:attachment":[{"href":"https:\/\/vocesdebaires.com.ar\/index.php\/wp-json\/wp\/v2\/media?parent=41942"}],"wp:term":[{"taxonomy":"category","embeddable":true,"href":"https:\/\/vocesdebaires.com.ar\/index.php\/wp-json\/wp\/v2\/categories?post=41942"},{"taxonomy":"post_tag","embeddable":true,"href":"https:\/\/vocesdebaires.com.ar\/index.php\/wp-json\/wp\/v2\/tags?post=41942"}],"curies":[{"name":"wp","href":"https:\/\/api.w.org\/{rel}","templated":true}]}}