{"id":4196,"date":"2019-12-19T03:00:00","date_gmt":"2019-12-19T06:00:00","guid":{"rendered":"http:\/\/vocesdebaires.com.ar\/wordpress\/index.php\/2019\/12\/19\/nuevo-caso-de-sarampion-ascienden-a-64\/"},"modified":"2019-12-19T03:00:00","modified_gmt":"2019-12-19T06:00:00","slug":"nuevo-caso-de-sarampion-ascienden-a-64","status":"publish","type":"post","link":"https:\/\/vocesdebaires.com.ar\/index.php\/2019\/12\/19\/nuevo-caso-de-sarampion-ascienden-a-64\/","title":{"rendered":"Nuevo caso de sarampi\u00f3n, ascienden a 64"},"content":{"rendered":"<p>El ministro de Salud bonaerense, Daniel Goll\u00e1n, confirm\u00f3 un nuevo caso de sarampi\u00f3n y ya ascienden a 64 en toda la provincia. Adem\u00e1s, denunci\u00f3 que las vacunas se encuentran varadas en la Aduana, por lo que desde Naci\u00f3n informaron que est\u00e1n trabajando para liberarlas y empezar a aplicarlas en las zonas donde se encuentran los principales brotes.Al encabezar una mesa de trabajo junto a los directores de las Regiones Sanitarias en el Hospital El Dique, de Ensenada, Goll\u00e1n confirm\u00f3 el caso n\u00famero 64 de sarampi\u00f3n, que se registr\u00f3 en la localidad de Merlo. \u201cEsta cantidad demuestra la gravedad del brote de una enfermedad que hab\u00eda sido erradicada en el a\u00f1o 2000\u201d, sostuvo el ministro. Para paliar su avance dispuso operativos sanitarios en los municipios de Almirante Brown, Hurlingham, Ituzaing\u00f3, Lan\u00fas, La Matanza, Lomas de Zamora, Merlo, Moreno, Quilmes, Tigre, Tres de Febrero y Vicente L\u00f3pez.<\/p>\n<p>Adem\u00e1s de anunciar el avance de la enfermedad, alert\u00f3 por \u201cfaltante de vacunas en lo que llamamos la dosis cero, que es la que se le da a los chicos de entre 6 y 11 meses\u201d. \u201cLa provincia tiene una cantidad de poblaci\u00f3n que no ha sido vacunada convenientemente\u201d, agreg\u00f3 el ministro que asumi\u00f3 la semana pasada en el gobierno de Axel Kicillof. Merlo, Moreno y La Matanza son los distritos m\u00e1s afectados. \u201cLa regi\u00f3n sanitaria VII y XII es donde hay m\u00e1s circulaci\u00f3n y es donde vamos a poner el \u00e9nfasis\u201d, precis\u00f3 Goll\u00e1n. Seg\u00fan sostuvo el titular de la cartera de Salud en la provincia, hab\u00eda 320.000 dosis de vacunas varadas en la Aduana desde hace mucho tiempo que est\u00e1n siendo retiradas \u201ccon ayuda del Ministerio de Salud de la Naci\u00f3n\u201d. \u201cSi queremos ampliar m\u00e1s zonas, una decisi\u00f3n que vamos a tomar m\u00e1s adelante, vamos a necesitar m\u00e1s dosis\u201d, avis\u00f3.<\/p>\n<p>Al respecto, Gin\u00e9s Gonz\u00e1lez Garc\u00eda, el titular de Salud a nivel nacional, carg\u00f3 contra la gesti\u00f3n de Mauricio Macri. \u201cNos encontramos con carencias de todo tipo, por eso estamos trabajando para sacar de la Aduana vacunas que se compraron hace mucho tiempo y no las sacaron, algunas que se compraron y no fueron usadas\u201d, sostuvo en declaraciones a radio El Destape. En contraste, hizo referencia al kirchnerismo al anunciar que \u201cvamos a volver a tener el calendario de vacunas que dejamos&quot;. En tanto Gin\u00e9s inform\u00f3 que se est\u00e1 desplegando una estrategia para contrarrestar el sarampi\u00f3n en los lugares donde hay brotes, \u201csobre todo en algunos partidos de la provincia y la Ciudad de Buenos Aires\u201d.<\/p>\n<p>Los \u00faltimos registros indican que el mayor n\u00famero de afectados son menores de un a\u00f1o, poblaci\u00f3n en la que tambi\u00e9n se observa la mayor tasa de incidencia, seguido de los grupos de 1 a 4 a\u00f1os; y por \u00faltimo adultos de entre 20 y 40. Andrea Jait, directora provincial de Epidemiolog\u00eda coordin\u00f3 mesas de trabajo con las autoridades de los distritos afectados para proponer lineamientos de acci\u00f3n inmediatos y mecanismos de reducci\u00f3n del riesgo de transmisi\u00f3n viral. Promotores de Salud, Cruz Roja, Boys Scouts y bomberos se sumaron a los operativos para reforzar el control de vacunaci\u00f3n. Se trata de \u201cuna convocatoria colectiva para que toda la comunidad pueda participar en la difusi\u00f3n de la informaci\u00f3n para que la poblaci\u00f3n la tenga y el equipo de salud est\u00e9 sensibilizado\u201d, sostuvieron desde el Ministerio.<\/p>\n<p>Con los 64 casos en Argentina, se trata del mayor brote desde la eliminaci\u00f3n de la circulaci\u00f3n end\u00e9mica del sarampi\u00f3n alcanzada en 2000. La \u00faltima muerte hab\u00eda sido en 1998 y desde entonces se reportaron casos importados o relacionados con la importaci\u00f3n, brotes que pudieron controlarse antes de los 12 meses, por lo que se evit\u00f3 perder el status de \u201cpa\u00eds libre de sarampi\u00f3n\u201d alcanzado, que posteriormente fue certificado en 2016 por la Organizaci\u00f3n Panamericana de la Salud (OPS).<\/p>\n","protected":false},"excerpt":{"rendered":"<p>El ministro de Salud bonaerense, Daniel Goll\u00e1n, confirm\u00f3 un nuevo caso de sarampi\u00f3n y ya ascienden a 64 en toda la provincia. Adem\u00e1s, denunci\u00f3 que las vacunas se encuentran varadas en la Aduana, por lo que desde Naci\u00f3n informaron que est\u00e1n trabajando para liberarlas y empezar a aplicarlas en las zonas donde se encuentran los [&hellip;]<\/p>\n","protected":false},"author":1,"featured_media":4197,"comment_status":"open","ping_status":"open","sticky":false,"template":"","format":"standard","meta":{"_et_pb_use_builder":"","_et_pb_old_content":"","_et_gb_content_width":"","footnotes":""},"categories":[34,13],"tags":[],"class_list":["post-4196","post","type-post","status-publish","format-standard","has-post-thumbnail","hentry","category-politica","category-provincia"],"_links":{"self":[{"href":"https:\/\/vocesdebaires.com.ar\/index.php\/wp-json\/wp\/v2\/posts\/4196"}],"collection":[{"href":"https:\/\/vocesdebaires.com.ar\/index.php\/wp-json\/wp\/v2\/posts"}],"about":[{"href":"https:\/\/vocesdebaires.com.ar\/index.php\/wp-json\/wp\/v2\/types\/post"}],"author":[{"embeddable":true,"href":"https:\/\/vocesdebaires.com.ar\/index.php\/wp-json\/wp\/v2\/users\/1"}],"replies":[{"embeddable":true,"href":"https:\/\/vocesdebaires.com.ar\/index.php\/wp-json\/wp\/v2\/comments?post=4196"}],"version-history":[{"count":0,"href":"https:\/\/vocesdebaires.com.ar\/index.php\/wp-json\/wp\/v2\/posts\/4196\/revisions"}],"wp:featuredmedia":[{"embeddable":true,"href":"https:\/\/vocesdebaires.com.ar\/index.php\/wp-json\/wp\/v2\/media\/4197"}],"wp:attachment":[{"href":"https:\/\/vocesdebaires.com.ar\/index.php\/wp-json\/wp\/v2\/media?parent=4196"}],"wp:term":[{"taxonomy":"category","embeddable":true,"href":"https:\/\/vocesdebaires.com.ar\/index.php\/wp-json\/wp\/v2\/categories?post=4196"},{"taxonomy":"post_tag","embeddable":true,"href":"https:\/\/vocesdebaires.com.ar\/index.php\/wp-json\/wp\/v2\/tags?post=4196"}],"curies":[{"name":"wp","href":"https:\/\/api.w.org\/{rel}","templated":true}]}}