{"id":41969,"date":"2022-12-29T00:00:21","date_gmt":"2022-12-29T03:00:21","guid":{"rendered":"https:\/\/vocesdebaires.com.ar\/?p=41969"},"modified":"2022-12-29T00:33:32","modified_gmt":"2022-12-29T03:33:32","slug":"gobierno-porteno-anuncio-a-su-gabinete-de-lospennato-wolff-y-redrado","status":"publish","type":"post","link":"https:\/\/vocesdebaires.com.ar\/index.php\/2022\/12\/29\/gobierno-porteno-anuncio-a-su-gabinete-de-lospennato-wolff-y-redrado\/","title":{"rendered":"El jefe porte\u00f1o: Anunci\u00f3 a su Gabinete de Lospennato, Wolff y Redrado"},"content":{"rendered":"<p>El jefe de Gobierno, Horacio Rodr\u00edguez Larreta, anunci\u00f3 el pasado martes la incorporaci\u00f3n al equipo de trabajo de la Ciudad de los diputados Silvia Lospennato y Waldo Wolff y el economista Mart\u00edn Redrado. Rodr\u00edguez Larreta explic\u00f3 que ninguna de las incorporaciones supone un aumento de la estructura del Gobierno. \u201cEs una reorganizaci\u00f3n interna que permite sumar a tres funcionarios con trayectoria, vocaci\u00f3n y voluntad de aportar para seguir transformando la Ciudad\u201d, destac\u00f3. Y agreg\u00f3: \u201cHoy m\u00e1s que nunca necesitamos un equipo fuerte y comprometido que d\u00e9 las peleas necesarias para resolver los problemas de los argentinos\u201d.<\/p>\n<p>Silvia Lospennato colaborar\u00e1 en el Consejo Consultivo para la Investigaci\u00f3n y Evaluaci\u00f3n de Pol\u00edticas de G\u00e9nero. Adem\u00e1s, se incorpora al Gabinete. Su funci\u00f3n ser\u00e1 ayudar a superar obst\u00e1culos para promover la incorporaci\u00f3n y permanencia de las mujeres en el \u00e1mbito laboral. Su tarea ser\u00e1 ad honorem y continuar\u00e1 con sus obligaciones como diputada nacional. \u201cSilvia es una de las dirigentes m\u00e1s comprometidas con la igualdad de g\u00e9nero. Tenemos que seguir trabajando para garantizar que cada vez m\u00e1s mujeres vivan libres y sin violencia, sean protagonistas en la toma de decisiones y lideren espacios en la pol\u00edtica y en la sociedad\u201d, analiz\u00f3 el Jefe de Gobierno, acompa\u00f1ado por las tres incorporaciones al Gabinete.<\/p>\n<p>Waldo Wolff ser\u00e1 secretario de Asuntos P\u00fablicos, dependiente de la Jefatura de Gobierno. Su funci\u00f3n ser\u00e1 trabajar en la comunicaci\u00f3n de las actividades de gesti\u00f3n y posiciones p\u00fablicas. Wolff pasar\u00e1 a integrar el Gabinete y dejar\u00e1 su funci\u00f3n como diputado nacional. \u201cEs una persona valiosa y con mucha experiencia que ha defendido a los argentinos y a la democracia con un coraje extraordinario. Siempre lo hace con una gran capacidad de comunicaci\u00f3n. Esa claridad que tiene Waldo para explicar las cosas, para hacer f\u00e1cil lo dif\u00edcil, es un valor que queremos sumar a la gesti\u00f3n\u201d, destac\u00f3 Rodr\u00edguez Larreta. Mart\u00edn Redrado se suma como secretario de Asuntos Estrat\u00e9gicos y se integra al Gabinete.<\/p>\n<p>Desarrollar\u00e1 relaciones econ\u00f3micas y financieras internacionales y trabajar\u00e1 con organismos multilaterales de cr\u00e9dito. Asumir\u00e1 en la primera semana de febrero al finalizar un contrato internacional. El Jefe de Gobierno afirm\u00f3 que Redrado \u201cuno de los m\u00e1s prestigiosos economistas que tiene nuestro pa\u00eds\u201d. Sobre su funci\u00f3n, se\u00f1al\u00f3: \u201cVa a trabajar con organismos multilaterales de cr\u00e9dito para mejorar el financiamiento de la infraestructura productiva, enfoc\u00e1ndose en aumentar las exportaciones a partir del trabajo colaborativo entre los sectores productivos de la Ciudad y las cadenas productivas regionales\u201d.<\/p>\n<p>Tras anunciar las incorporaciones, Rodr\u00edguez Larreta volvi\u00f3 a criticar al Presidente por no acatar el fallo de la Corte que orden\u00f3 restituir fondos coparticipables a la Ciudad y asegur\u00f3 que el Gobierno nacional \u201cquiere hacer trampa para seguir incumpliendo\u201d con la sentencia. \u201cLa Corte fue muy clara: el Gobierno nacional debe transferir el 2,95% de los fondos coparticipables mediante transferencias del Banco Naci\u00f3n. Y lo debe hacer, tal como indica el fallo, de manera diaria, directa, y en pesos. En ning\u00fan lugar se habilita el pago en bonos. Vamos a seguir defendiendo lo que corresponde, porque los fallos se cumplen, no se interpretan\u201d, explic\u00f3 el Jefe de Gobierno.<\/p>\n<p>Foto:Juan Cruz Corrado \/ GCBA<\/p>\n","protected":false},"excerpt":{"rendered":"<p>El jefe de Gobierno, Horacio Rodr\u00edguez Larreta, anunci\u00f3 el pasado martes la incorporaci\u00f3n al equipo de trabajo de la Ciudad de los diputados Silvia Lospennato y Waldo Wolff y el economista Mart\u00edn Redrado. Rodr\u00edguez Larreta explic\u00f3 que ninguna de las incorporaciones supone un aumento de la estructura del Gobierno. \u201cEs una reorganizaci\u00f3n interna que permite [&hellip;]<\/p>\n","protected":false},"author":2,"featured_media":41979,"comment_status":"open","ping_status":"open","sticky":false,"template":"","format":"standard","meta":{"_et_pb_use_builder":"","_et_pb_old_content":"","_et_gb_content_width":"","footnotes":""},"categories":[11,33],"tags":[],"class_list":["post-41969","post","type-post","status-publish","format-standard","has-post-thumbnail","hentry","category-ciudad","category-sociedad-y-cultura-2"],"_links":{"self":[{"href":"https:\/\/vocesdebaires.com.ar\/index.php\/wp-json\/wp\/v2\/posts\/41969"}],"collection":[{"href":"https:\/\/vocesdebaires.com.ar\/index.php\/wp-json\/wp\/v2\/posts"}],"about":[{"href":"https:\/\/vocesdebaires.com.ar\/index.php\/wp-json\/wp\/v2\/types\/post"}],"author":[{"embeddable":true,"href":"https:\/\/vocesdebaires.com.ar\/index.php\/wp-json\/wp\/v2\/users\/2"}],"replies":[{"embeddable":true,"href":"https:\/\/vocesdebaires.com.ar\/index.php\/wp-json\/wp\/v2\/comments?post=41969"}],"version-history":[{"count":2,"href":"https:\/\/vocesdebaires.com.ar\/index.php\/wp-json\/wp\/v2\/posts\/41969\/revisions"}],"predecessor-version":[{"id":41972,"href":"https:\/\/vocesdebaires.com.ar\/index.php\/wp-json\/wp\/v2\/posts\/41969\/revisions\/41972"}],"wp:featuredmedia":[{"embeddable":true,"href":"https:\/\/vocesdebaires.com.ar\/index.php\/wp-json\/wp\/v2\/media\/41979"}],"wp:attachment":[{"href":"https:\/\/vocesdebaires.com.ar\/index.php\/wp-json\/wp\/v2\/media?parent=41969"}],"wp:term":[{"taxonomy":"category","embeddable":true,"href":"https:\/\/vocesdebaires.com.ar\/index.php\/wp-json\/wp\/v2\/categories?post=41969"},{"taxonomy":"post_tag","embeddable":true,"href":"https:\/\/vocesdebaires.com.ar\/index.php\/wp-json\/wp\/v2\/tags?post=41969"}],"curies":[{"name":"wp","href":"https:\/\/api.w.org\/{rel}","templated":true}]}}