{"id":4198,"date":"2019-12-18T04:20:28","date_gmt":"2019-12-18T07:20:28","guid":{"rendered":"http:\/\/vocesdebaires.com.ar\/wordpress\/index.php\/2019\/12\/18\/santilli-y-dalessandro-conferencia-por-turista-asesinado\/"},"modified":"2019-12-18T04:20:28","modified_gmt":"2019-12-18T07:20:28","slug":"santilli-y-dalessandro-conferencia-por-turista-asesinado","status":"publish","type":"post","link":"https:\/\/vocesdebaires.com.ar\/index.php\/2019\/12\/18\/santilli-y-dalessandro-conferencia-por-turista-asesinado\/","title":{"rendered":"Santilli y D&#8217;Alessandro conferencia por turista asesinado"},"content":{"rendered":"<p>A sesenta horas de lo sucedido en Puerto Madero, del asesinato atroz de un turista ingl\u00e9s, hemos podido esclarecer este asesinato perpetrado por una banda de delincuentes que marcaba en el Aeropuerto Internacional de Ezeiza a personas que ven\u00edan desde el extranjero y despu\u00e9s cuando arribaban a su domicilio -tenemos un caso en Teodoro Garc\u00eda- , o a los hoteles, en la vereda misma de los ingresos, perpetraban los hechos de delincuencia.&quot;&quot;Gracias al extraordinario trabajo del \u00e1rea de investigaciones de la Polic\u00eda de la Ciudad; del Secretario de Seguridad, y con todo el trabajo de video vigilancia de las c\u00e1maras de seguridad, las cuales vamos a duplicar en este periodo con el Jefe de Gobierno Horacio Rodr\u00edguez Larreta, y la capacitaci\u00f3n de nuestra fuerza, que paso de un a\u00f1o a dos a\u00f1os, llegamos a resolver este tipo de situaciones dolorosas.<\/p>\n<p>&quot;El trabajo de investigaci\u00f3n de la polic\u00eda, el de la jueza Bernan, y de la fiscal Yaccobucci, quienes libraron los allanamientos en los tiempos necesarios para que estos homicidas no fugaran. Y, adem\u00e1s, el trabajo combinado con las fuerzas de seguridad nacionales,\u00a0 en cabeza de Sabina Frederic. &quot;Gendarmer\u00eda y Aduana\u00a0 actuaron colaborando con la informaci\u00f3n que le enviaba la Polic\u00eda de la Ciudad para hacer que estos homicidas, que estaban cerca de fugarse, fueran aprehendidos y puesto a disposici\u00f3n de la justicia. Esto marca lo que tenemos que hacer como argentinos y como pa\u00eds. Marca lo que tenemos que trabajar en conjunto y colaborar.&quot; &quot;La Polic\u00eda de la Ciudad logr\u00f3 en un\u00a0 tiempo extraordinario, en 60 horas, esclarecer y poner a disposici\u00f3n de la justicia a estos asesinos. La jueza y la fiscal actuaron rapid\u00edsimo y habilitaron los 18 allanamientos fundamentales para tener la informaci\u00f3n necesaria para que estos delincuentes no fugaran.&quot;<\/p>\n<p>Secretario de Justicia y Seguridad Marcelo D\u2019Alessandro:<br \/>\u201cGracias a las c\u00e1maras de seguridad que tenemos desplegadas en la Ciudad de Buenos Aires y el Anillo Digital conseguimos las im\u00e1genes y pudimos detectar la trazabilidad de la fuga de esta banda. Se lleg\u00f3 hasta un Hostel, en Ciudadela, donde ellos paraban&quot;. \u201cInsisto en reconocer el r\u00e1pido accionar de la Justicia, quienes estuvieron d\u00e1ndonos todas las medidas necesarias para poder esclarecer este hecho.\u00a0 Se realizaron 18 allanamientos y se pudo a detener a cuatro personas. Una de ellas es la que otorgaba la log\u00edstica y les prestaba los autos a la banda para que pudieran realizar los hechos delictivos&quot;.<\/p>\n<p>\u201cSe detect\u00f3 que hab\u00edan tomado un micro a Salta, son venezolanos que hab\u00edan ingresado al pa\u00eds de forma ilegal, y ten\u00edamos el dato de c\u00f3mo hab\u00edan ingresado. Se realiz\u00f3 en conjunto con Gendarmer\u00eda el Operativo Cerrojo en Salta para detenerlos, y ah\u00ed se detuvo al autor material del hecho junto a otras dos personas, tambi\u00e9n de nacionalidad venezolana. Uno de ellos habr\u00eda sido el chofer en el hecho del s\u00e1bado, y el otro el que realiz\u00f3 el robo en el hotel intercontinental al empresario canadiense. Las brigadas de investigaciones siguieron y pudimos dar con el Corsa gris en Moreno. Tambi\u00e9n en Quilmes se pudo detectar a otro de los que integr\u00f3 la banda el s\u00e1bado con el veh\u00edculo que particip\u00f3 de apoyo\u201d.<\/p>\n<p>\u201cHoy hay ocho personas puestas a disposici\u00f3n de la Justicia, pero lo importante de todo esto es con la rapidez, el profesionalismo y la tecnolog\u00eda de la Polic\u00eda de la Ciudad pudimos dar con el autor material del hecho y que no salga impune&quot;. &quot;Por las declaraciones que fueron tomadas habr\u00edan ingresado el 4 de diciembre al pa\u00eds de forma ilegal. Los tres detenidos en Salta uno es el autor material, el otro el que particip\u00f3 del hecho en el Hotel Intercontinental, que fue un robo realizado a un empresario canadiense, y el \u00faltimo habr\u00eda participado en la log\u00edstica del apoyo en el robo del s\u00e1bado.<\/p>\n","protected":false},"excerpt":{"rendered":"<p>A sesenta horas de lo sucedido en Puerto Madero, del asesinato atroz de un turista ingl\u00e9s, hemos podido esclarecer este asesinato perpetrado por una banda de delincuentes que marcaba en el Aeropuerto Internacional de Ezeiza a personas que ven\u00edan desde el extranjero y despu\u00e9s cuando arribaban a su domicilio -tenemos un caso en Teodoro Garc\u00eda- [&hellip;]<\/p>\n","protected":false},"author":1,"featured_media":4199,"comment_status":"open","ping_status":"open","sticky":false,"template":"","format":"standard","meta":{"_et_pb_use_builder":"","_et_pb_old_content":"","_et_gb_content_width":"","footnotes":""},"categories":[11,32],"tags":[],"class_list":["post-4198","post","type-post","status-publish","format-standard","has-post-thumbnail","hentry","category-ciudad","category-comunas"],"_links":{"self":[{"href":"https:\/\/vocesdebaires.com.ar\/index.php\/wp-json\/wp\/v2\/posts\/4198"}],"collection":[{"href":"https:\/\/vocesdebaires.com.ar\/index.php\/wp-json\/wp\/v2\/posts"}],"about":[{"href":"https:\/\/vocesdebaires.com.ar\/index.php\/wp-json\/wp\/v2\/types\/post"}],"author":[{"embeddable":true,"href":"https:\/\/vocesdebaires.com.ar\/index.php\/wp-json\/wp\/v2\/users\/1"}],"replies":[{"embeddable":true,"href":"https:\/\/vocesdebaires.com.ar\/index.php\/wp-json\/wp\/v2\/comments?post=4198"}],"version-history":[{"count":0,"href":"https:\/\/vocesdebaires.com.ar\/index.php\/wp-json\/wp\/v2\/posts\/4198\/revisions"}],"wp:featuredmedia":[{"embeddable":true,"href":"https:\/\/vocesdebaires.com.ar\/index.php\/wp-json\/wp\/v2\/media\/4199"}],"wp:attachment":[{"href":"https:\/\/vocesdebaires.com.ar\/index.php\/wp-json\/wp\/v2\/media?parent=4198"}],"wp:term":[{"taxonomy":"category","embeddable":true,"href":"https:\/\/vocesdebaires.com.ar\/index.php\/wp-json\/wp\/v2\/categories?post=4198"},{"taxonomy":"post_tag","embeddable":true,"href":"https:\/\/vocesdebaires.com.ar\/index.php\/wp-json\/wp\/v2\/tags?post=4198"}],"curies":[{"name":"wp","href":"https:\/\/api.w.org\/{rel}","templated":true}]}}