{"id":41984,"date":"2022-12-30T15:20:34","date_gmt":"2022-12-30T18:20:34","guid":{"rendered":"https:\/\/vocesdebaires.com.ar\/?p=41984"},"modified":"2022-12-30T15:20:34","modified_gmt":"2022-12-30T18:20:34","slug":"jornada-de-trabajo-de-los-equipos-de-amia-y-el-hospital-de-clinicas","status":"publish","type":"post","link":"https:\/\/vocesdebaires.com.ar\/index.php\/2022\/12\/30\/jornada-de-trabajo-de-los-equipos-de-amia-y-el-hospital-de-clinicas\/","title":{"rendered":"Jornada de trabajo de los equipos de AMIA y el Hospital de Cl\u00ednicas"},"content":{"rendered":"<p>Con el fin de enriquecer las pr\u00e1cticas, generar redes y compartir experiencias de trabajo, el pasado viernes 16 de diciembre, se realiz\u00f3 una jornada de intercambio entre los profesionales del \u00e1rea Social de AMIA y del Hospital de Cl\u00ednicas, instituci\u00f3n con la que la entidad mantiene un fuerte v\u00ednculo.Con la presencia del director general del Hospital Marcelo Luis Melo, el equipo del Servicio Social, dirigido por Carolina Nadal, fue recibido en la sede de Pasteur por la directora del departamento de Programas Sociales, Fanny Kohon, y la coordinadora de Servicios Sociales de la instituci\u00f3n, Paula Jait.<\/p>\n<p>\u201cEstamos muy felices con este primer encuentro que realizamos entre los equipos de las \u00e1reas sociales. Ha sido una jornada muy enriquecedora, en la cual pudimos generar alianzas, articular, construir estrategias e intercambiar experiencias y procesos laborales\u201d, expres\u00f3 Paula Jait, al t\u00e9rmino de la reuni\u00f3n.\u201cEl v\u00ednculo con AMIA es hist\u00f3rico. Esta relaci\u00f3n se profundiz\u00f3 el 18 de julio de 1994, cuando el personal de la salud asisti\u00f3 y acompa\u00f1\u00f3 a los heridos, tras el ataque terrorista contra la instituci\u00f3n\u201d, comparti\u00f3 Carolina Nadal. \u201cSeguimos fortaleciendo esta alianza.<\/p>\n<p>El intercambio con los trabajadores sociales de AMIA fue muy valioso, pudimos profundizar en estrategias de trabajo y planificar acciones en conjunto\u201d, agreg\u00f3. Durante el encuentro, los participantes visitaron la plaza seca de la sede de Pasteur 633, donde -entre otros homenajes- se encuentra el monumento del artista israel\u00ed Yaacov Agam que representa, a trav\u00e9s del arte, el compromiso de la entidad con la memoria y el reclamo de justicia, y \u201cEl Muro de la Memoria\u201d del artista Mart\u00edn Ron. La delegaci\u00f3n tambi\u00e9n recorri\u00f3 el edificio de Uriburu 650, donde funciona el departamento de Programas Sociales, el Servicio de Empleo AMIA y el Centro Integral de Personas Mayores.<\/p>\n","protected":false},"excerpt":{"rendered":"<p>Con el fin de enriquecer las pr\u00e1cticas, generar redes y compartir experiencias de trabajo, el pasado viernes 16 de diciembre, se realiz\u00f3 una jornada de intercambio entre los profesionales del \u00e1rea Social de AMIA y del Hospital de Cl\u00ednicas, instituci\u00f3n con la que la entidad mantiene un fuerte v\u00ednculo.Con la presencia del director general del [&hellip;]<\/p>\n","protected":false},"author":3,"featured_media":41985,"comment_status":"open","ping_status":"open","sticky":false,"template":"","format":"standard","meta":{"_et_pb_use_builder":"","_et_pb_old_content":"","_et_gb_content_width":"","footnotes":""},"categories":[11,33],"tags":[],"class_list":["post-41984","post","type-post","status-publish","format-standard","has-post-thumbnail","hentry","category-ciudad","category-sociedad-y-cultura-2"],"_links":{"self":[{"href":"https:\/\/vocesdebaires.com.ar\/index.php\/wp-json\/wp\/v2\/posts\/41984"}],"collection":[{"href":"https:\/\/vocesdebaires.com.ar\/index.php\/wp-json\/wp\/v2\/posts"}],"about":[{"href":"https:\/\/vocesdebaires.com.ar\/index.php\/wp-json\/wp\/v2\/types\/post"}],"author":[{"embeddable":true,"href":"https:\/\/vocesdebaires.com.ar\/index.php\/wp-json\/wp\/v2\/users\/3"}],"replies":[{"embeddable":true,"href":"https:\/\/vocesdebaires.com.ar\/index.php\/wp-json\/wp\/v2\/comments?post=41984"}],"version-history":[{"count":1,"href":"https:\/\/vocesdebaires.com.ar\/index.php\/wp-json\/wp\/v2\/posts\/41984\/revisions"}],"predecessor-version":[{"id":41986,"href":"https:\/\/vocesdebaires.com.ar\/index.php\/wp-json\/wp\/v2\/posts\/41984\/revisions\/41986"}],"wp:featuredmedia":[{"embeddable":true,"href":"https:\/\/vocesdebaires.com.ar\/index.php\/wp-json\/wp\/v2\/media\/41985"}],"wp:attachment":[{"href":"https:\/\/vocesdebaires.com.ar\/index.php\/wp-json\/wp\/v2\/media?parent=41984"}],"wp:term":[{"taxonomy":"category","embeddable":true,"href":"https:\/\/vocesdebaires.com.ar\/index.php\/wp-json\/wp\/v2\/categories?post=41984"},{"taxonomy":"post_tag","embeddable":true,"href":"https:\/\/vocesdebaires.com.ar\/index.php\/wp-json\/wp\/v2\/tags?post=41984"}],"curies":[{"name":"wp","href":"https:\/\/api.w.org\/{rel}","templated":true}]}}