{"id":41995,"date":"2022-12-30T15:36:24","date_gmt":"2022-12-30T18:36:24","guid":{"rendered":"https:\/\/vocesdebaires.com.ar\/?p=41995"},"modified":"2022-12-30T15:37:38","modified_gmt":"2022-12-30T18:37:38","slug":"ciudadcomienza-el-ciclo-2023-del-cine-club-amiavirtual-y-gratuito","status":"publish","type":"post","link":"https:\/\/vocesdebaires.com.ar\/index.php\/2022\/12\/30\/ciudadcomienza-el-ciclo-2023-del-cine-club-amiavirtual-y-gratuito\/","title":{"rendered":"Ciudad:Comienza el Ciclo 2023 del cine Club AMIA,virtual y gratuito"},"content":{"rendered":"<p>A partir del lunes 2 de enero, a las 16, las personas que se inscriban gratuitamente en el sitio de AMIA Cultura podr\u00e1n disfrutar de manera virtual de la lograda pel\u00edcula francesa \u201cLa biblioteca de los libros olvidados\u201d, del director R\u00e9mi Bezan\u00e7on. Con este film, que combina humor, misterio y suspenso, se dar\u00e1 inicio a la temporada 2023 del Cine Club AMIA, una iniciativa del departamento de Cultura de la instituci\u00f3n para ofrecer contenidos art\u00edsticos de calidad, sin costo y disponibles para toda la sociedad.<\/p>\n<p>\u201cSe trata de un ciclo que desarrollamos a lo largo de todo el a\u00f1o, y que presenta pel\u00edculas de proyecci\u00f3n internacional que han sido valoradas por la cr\u00edtica y por el p\u00fablico en general\u201d, explic\u00f3 el Rab. Dr. Fishel Szlajen, director de AMIA Cultura. Con inscripci\u00f3n gratuita y modalidad virtual, la pel\u00edcula que dura cien minutos y que cuenta con subt\u00edtulos en espa\u00f1ol, se publicar\u00e1 en el campus virtual del \u00e1rea de Cultura y se podr\u00e1 ver en cualquier momento del d\u00eda. \u201cNo se requiere ninguna instancia presencial ni estar en l\u00ednea en un momento espec\u00edfico. Estar\u00e1 disponible en la web hasta 7 d\u00edas despu\u00e9s de su publicaci\u00f3n\u201d, informaron los organizadores del ciclo.<\/p>\n<p>La inscripci\u00f3n para poder ver \u201cLa biblioteca de los libros olvidados\u201d termina el lunes 2 de enero a las 12. El elenco est\u00e1 integrado por Fabrice Luchini, Camille Cottin, Alice Isaaz, Bastien Bouillon, Josiane Stol\u00e9ru, Astrid Whettnall, Marc Fraize, Hanna Schygulla y Marie-Christine Orry Desde el \u00e1rea de Cultura de AMIA compartieron la sinopsis del film que fue estrenado en 2019: \u201cEn una peculiar biblioteca que alberga libros rechazados por las editoriales, una joven editora descubre una novela magistral. Su autor es alguien llamado Henri Pick, un cocinero fallecido dos a\u00f1os antes.<\/p>\n<p>Seg\u00fan su viuda, Pick jam\u00e1s ley\u00f3 un libro y lo \u00fanico que escribi\u00f3 en su vida fue la lista del supermercado. Cuando la novela se convierte en un \u00e9xito de ventas, un cr\u00edtico literario esc\u00e9ptico y obstinado se une a la hija de Pick para desentra\u00f1ar el misterio: \u00bften\u00eda el autor una vida secreta?\u201d El ciclo 2023 del Cine Club AMIA continuar\u00e1 el lunes 16 de enero con \u201cPor fin solos\u201d, y el lunes 30 de enero con \u201cLa comunidad de los corazones rotos\u201d, dos pel\u00edculas francesas que junto a \u201cLa biblioteca de los libros olvidados\u201d constituyen una buena propuesta para disfrutar del mejor cine en este verano.<\/p>\n<p>Inscripciones: https:\/\/cultura.amia.org.ar\/eventos\/la-biblioteca-de-los-libros-olvidados\/<\/p>\n","protected":false},"excerpt":{"rendered":"<p>A partir del lunes 2 de enero, a las 16, las personas que se inscriban gratuitamente en el sitio de AMIA Cultura podr\u00e1n disfrutar de manera virtual de la lograda pel\u00edcula francesa \u201cLa biblioteca de los libros olvidados\u201d, del director R\u00e9mi Bezan\u00e7on. Con este film, que combina humor, misterio y suspenso, se dar\u00e1 inicio a [&hellip;]<\/p>\n","protected":false},"author":2,"featured_media":41996,"comment_status":"open","ping_status":"open","sticky":false,"template":"","format":"standard","meta":{"_et_pb_use_builder":"","_et_pb_old_content":"","_et_gb_content_width":"","footnotes":""},"categories":[11,33],"tags":[],"class_list":["post-41995","post","type-post","status-publish","format-standard","has-post-thumbnail","hentry","category-ciudad","category-sociedad-y-cultura-2"],"_links":{"self":[{"href":"https:\/\/vocesdebaires.com.ar\/index.php\/wp-json\/wp\/v2\/posts\/41995"}],"collection":[{"href":"https:\/\/vocesdebaires.com.ar\/index.php\/wp-json\/wp\/v2\/posts"}],"about":[{"href":"https:\/\/vocesdebaires.com.ar\/index.php\/wp-json\/wp\/v2\/types\/post"}],"author":[{"embeddable":true,"href":"https:\/\/vocesdebaires.com.ar\/index.php\/wp-json\/wp\/v2\/users\/2"}],"replies":[{"embeddable":true,"href":"https:\/\/vocesdebaires.com.ar\/index.php\/wp-json\/wp\/v2\/comments?post=41995"}],"version-history":[{"count":1,"href":"https:\/\/vocesdebaires.com.ar\/index.php\/wp-json\/wp\/v2\/posts\/41995\/revisions"}],"predecessor-version":[{"id":41998,"href":"https:\/\/vocesdebaires.com.ar\/index.php\/wp-json\/wp\/v2\/posts\/41995\/revisions\/41998"}],"wp:featuredmedia":[{"embeddable":true,"href":"https:\/\/vocesdebaires.com.ar\/index.php\/wp-json\/wp\/v2\/media\/41996"}],"wp:attachment":[{"href":"https:\/\/vocesdebaires.com.ar\/index.php\/wp-json\/wp\/v2\/media?parent=41995"}],"wp:term":[{"taxonomy":"category","embeddable":true,"href":"https:\/\/vocesdebaires.com.ar\/index.php\/wp-json\/wp\/v2\/categories?post=41995"},{"taxonomy":"post_tag","embeddable":true,"href":"https:\/\/vocesdebaires.com.ar\/index.php\/wp-json\/wp\/v2\/tags?post=41995"}],"curies":[{"name":"wp","href":"https:\/\/api.w.org\/{rel}","templated":true}]}}