{"id":41999,"date":"2022-12-30T15:40:55","date_gmt":"2022-12-30T18:40:55","guid":{"rendered":"https:\/\/vocesdebaires.com.ar\/?p=41999"},"modified":"2022-12-30T15:40:55","modified_gmt":"2022-12-30T18:40:55","slug":"en-la-ciudadlegislatura-convocatoria-a-audiencias-publicas","status":"publish","type":"post","link":"https:\/\/vocesdebaires.com.ar\/index.php\/2022\/12\/30\/en-la-ciudadlegislatura-convocatoria-a-audiencias-publicas\/","title":{"rendered":"En la ciudad:Legislatura Convocatoria a audiencias p\u00fablicas"},"content":{"rendered":"<p>El Vicepresidente Primero a cargo de la Presidencia de la Legislatura de la Ciudad Aut\u00f3noma de Buenos Aires, Emmanuel Ferrario, convoca a las siguientes Audiencias P\u00fablicas bajo la modalidad mixta: Fecha: 27 de febrero de 2023.Lugar: En la Legislatura de la Ciudad Aut\u00f3noma de Buenos Aires, sita en Per\u00fa N\u00b0 160 y mediante la plataforma digital \u201cZoom\u201d.<\/p>\n<p><strong>A las 12.<\/strong><br \/>\nCon el objeto de que los interesados expresen las opiniones que consideren pertinentes con relacio\u0301n a la Ley inicial publicada en el BOCBA N\u00b0 6506 del 23 de noviembre de 2022, referente al Expediente N\u00b0 1967-D-2022 por la cual: Art\u00edculo 1\u00ba.- Denom\u00ednase \u201c10 de diciembre de 1983\u201d a la calle circular sin denominaci\u00f3n oficial que se encuentra frente a la Plaza del Congreso, entre las calles Hip\u00f3lito Yrigoyen y la Avenida Rivadavia.<br \/>\nApertura del Registro de Participantes de la Audiencia: 25\/01\/2023.<br \/>\nCierre del Registro de Participantes de la Audiencia: 22\/02\/2023 a las 12.<\/p>\n<p><strong>A las 13.<\/strong><br \/>\nCon el objeto de que los interesados expresen las opiniones que consideren pertinentes con relacio\u0301n a la Ley inicial publicada en el BOCBA N\u00b0 6506 del 23 de noviembre de 2022, referente al Expediente N\u00b0 1282-D-2022 por la cual: Art\u00edculo 1\u00ba.- Decl\u00e1ranse Bien Integrante del Patrimonio Cultural de la Ciudad Aut\u00f3noma de Buenos Aires a los panteones subterr\u00e1neos del Cementerio de la Chacarita, sitos en el predio con datos catastrales Circunscripci\u00f3n 15, secci\u00f3n 49, Manzana 27, Parcela 000E, seg\u00fan pol\u00edgono indicado en el plano que se adjunta como Anexo I, bien integrante del Patrimonio Cultural de la Ciudad Aut\u00f3noma de Buenos Aires en el marco de la Ley 1227, Art\u00edculo 4\u00b0 incisos a) Sitio Hist\u00f3rico, b) Monumento y c) Conjunto de construcciones. Art 2\u00b0.- El Poder Ejecutivo debe asentar en el Cat\u00e1logo de Bienes Culturales de la Ciudad, seg\u00fan lo establecido en el Art\u00edculo 10 de la Ley 1227, los bienes declarados por el Art\u00edculo 1\u00b0. (Ver Anexo de la Ley inicial en el BOCBA N\u00b0 6506 del 23 de noviembre de 2022 referente al expte. N\u00b0 1282-D-2022).<\/p>\n<p><strong>Apertura del Registro de Participantes de la Audiencia: 25\/01\/2023.<\/strong><br \/>\n<strong>Cierre del Registro de Participantes de la Audiencia: 22\/02\/2023 a las 13.<\/strong><\/p>\n<p><strong>A las 14.<\/strong><br \/>\nCon el objeto de que los interesados expresen las opiniones que consideren pertinentes con relacio\u0301n a la Ley inicial publicada en el BOCBA N\u00b0 6518 del 13 de diciembre de 2022, referente al Expediente N\u00b0 2292-C-2022 por la cual: Art\u00edculo 1\u00ba.- Ac\u00e9ptase la donaci\u00f3n de un monumento en homenaje a Leonardo Favio efectuada por la Asociaci\u00f3n General de Directores Autores Cinematogr\u00e1ficos y Audiovisuales (DAC). Art. 2\u00b0.- Disp\u00f3nese el emplazamiento de un monumento en homenaje a Leonardo Favio en la Avda. Corrientes intersecci\u00f3n con la calle Vera, en el barrio de Villa Crespo de la Ciudad Aut\u00f3noma de Buenos Aires.<br \/>\nApertura del Registro de Participantes de la Audiencia: 25\/01\/2023.<br \/>\nCierre del Registro de Participantes de la Audiencia: 22\/02\/2023 a las 14.<\/p>\n<p><strong>A las 15.<\/strong><br \/>\nCon el objeto de que los interesados expresen las opiniones que consideren pertinentes con relacio\u0301n a la Ley inicial publicada en el BOCBA N\u00b0 6518 del 13 de diciembre de 2022, referente al Expediente N\u00b0 880-D-2022 por la cual: Art\u00edculo 1\u00ba.- Ac\u00e9ptase la donaci\u00f3n del Rotary Club de Parque de los Patricios de un monolito y rueda rotaria- seg\u00fan detalles que obran en el anexo del presente-, con cargo de ser emplazado en la plaza \u201cParque de los Patricios\u201d en la intersecci\u00f3n de Av. Caseros y la calle Monteagudo de esta Ciudad Aut\u00f3noma de Buenos Aires Art 2\u00ba.- Los gastos que demande lo establecido en el art. 1\u00ba de la presente, como as\u00ed tambi\u00e9n su posterior mantenimiento, estar\u00e1n a cargo del Rotary Club de Parque de los Patricios. (Ver Anexo de la Ley inicial en el BOCBA N\u00b0 6518 del 13 de diciembre de 2022 referente al expte. N\u00b0 880-D-2022).<br \/>\nApertura del Registro de Participantes de la Audiencia: 25\/01\/2023.<br \/>\nCierre del Registro de Participantes de la Audiencia: 22\/02\/2023 a las 15.<\/p>\n<p>\u200b\u200bInscripci\u00f3n de Participantes: En https:\/\/participacion.legislatura.gob.ar\/. En caso de no encontrarse operativo el sitio web oficial de la Legislatura, los\/as ciudadanos\/as deber\u00e1n seguir el siguiente procedimiento: 1) Enviar un correo electr\u00f3nico a \u00abp.ciudadanalegislatura@gmail.com\u00bb y a \u201cpciudadana@legislatura.gob.ar\u201d, solicitando el formulario de inscripci\u00f3n. 2) Remitir a esa misma direcci\u00f3n los datos consignados en dicho formulario, y adjuntar una fotograf\u00eda del frente y dorso del DNI para proceder a su inscripci\u00f3n. Es de estricto cumplimiento acreditar identidad con DNI, LC o LE el d\u00eda de la Audiencia P\u00fablica. Las personas jur\u00eddicas deber\u00e1n hacerlo \u00fanicamente a trav\u00e9s de sus representantes legales acreditando personer\u00eda jur\u00eddica por mail a p.ciudadanalegislatura@gmail.com \/ pciudadana@legislatura.gob.ar o personalmente en la DG. de Gesti\u00f3n y Participaci\u00f3n Ciudadana de la Legislatura de la Ciudad Aut\u00f3noma de Buenos Aires sita en Per\u00fa 160. Primer Piso Oficina 110, tel\u00e9fono (011) 4338-3151 de 10 a 17.<\/p>\n<p>P\u00fablico en General: Las Audiencias se realizar\u00e1n en la Legislatura de la Ciudad Aut\u00f3noma de Buenos Aires, sita en Per\u00fa N\u00b0 160, y su vez, ser\u00e1n transmitidas en vivo a trav\u00e9s del canal oficial de la Legislatura de la plataforma www.youtube.com: www.youtube.com\/legisCABA o www.youtube.com\/LegisCABA2. Vista completa de la Ley Inicial y de los Expedientes: en el sitio web https:\/\/participacion.legislatura.gob.ar\/ . Alternativamente, se podr\u00e1 solicitar una copia digital por correo electr\u00f3nico, debiendo enviarse tal solicitud a p.ciudadanalegislatura@gmail.com y a pciudadana@legislatura.gob.ar . Asimismo, el expediente estar\u00e1 disponible en la Legislatura de la Ciudad Aut\u00f3noma de Buenos Aires, sita en Per\u00fa N\u00b0 160. Informes: DG. De Gesti\u00f3n y Participaci\u00f3n Ciudadana: p.ciudadanalegislatura@gmail.com o pciudadana@legislatura.gob.ar o al tel\u00e9fono (011) 4338-3151 de 10 a 17. Autoridades de la Audiencia: El presidente de la Legislatura, o quien se designe conforme lo dispone el Art. 11\u00b0 de la Ley N.\u00ba 6 (texto consolidado por la Ley N.\u00ba 6.017).<\/p>\n","protected":false},"excerpt":{"rendered":"<p>El Vicepresidente Primero a cargo de la Presidencia de la Legislatura de la Ciudad Aut\u00f3noma de Buenos Aires, Emmanuel Ferrario, convoca a las siguientes Audiencias P\u00fablicas bajo la modalidad mixta: Fecha: 27 de febrero de 2023.Lugar: En la Legislatura de la Ciudad Aut\u00f3noma de Buenos Aires, sita en Per\u00fa N\u00b0 160 y mediante la plataforma [&hellip;]<\/p>\n","protected":false},"author":2,"featured_media":42000,"comment_status":"open","ping_status":"open","sticky":false,"template":"","format":"standard","meta":{"_et_pb_use_builder":"","_et_pb_old_content":"","_et_gb_content_width":"","footnotes":""},"categories":[11,33],"tags":[],"class_list":["post-41999","post","type-post","status-publish","format-standard","has-post-thumbnail","hentry","category-ciudad","category-sociedad-y-cultura-2"],"_links":{"self":[{"href":"https:\/\/vocesdebaires.com.ar\/index.php\/wp-json\/wp\/v2\/posts\/41999"}],"collection":[{"href":"https:\/\/vocesdebaires.com.ar\/index.php\/wp-json\/wp\/v2\/posts"}],"about":[{"href":"https:\/\/vocesdebaires.com.ar\/index.php\/wp-json\/wp\/v2\/types\/post"}],"author":[{"embeddable":true,"href":"https:\/\/vocesdebaires.com.ar\/index.php\/wp-json\/wp\/v2\/users\/2"}],"replies":[{"embeddable":true,"href":"https:\/\/vocesdebaires.com.ar\/index.php\/wp-json\/wp\/v2\/comments?post=41999"}],"version-history":[{"count":1,"href":"https:\/\/vocesdebaires.com.ar\/index.php\/wp-json\/wp\/v2\/posts\/41999\/revisions"}],"predecessor-version":[{"id":42001,"href":"https:\/\/vocesdebaires.com.ar\/index.php\/wp-json\/wp\/v2\/posts\/41999\/revisions\/42001"}],"wp:featuredmedia":[{"embeddable":true,"href":"https:\/\/vocesdebaires.com.ar\/index.php\/wp-json\/wp\/v2\/media\/42000"}],"wp:attachment":[{"href":"https:\/\/vocesdebaires.com.ar\/index.php\/wp-json\/wp\/v2\/media?parent=41999"}],"wp:term":[{"taxonomy":"category","embeddable":true,"href":"https:\/\/vocesdebaires.com.ar\/index.php\/wp-json\/wp\/v2\/categories?post=41999"},{"taxonomy":"post_tag","embeddable":true,"href":"https:\/\/vocesdebaires.com.ar\/index.php\/wp-json\/wp\/v2\/tags?post=41999"}],"curies":[{"name":"wp","href":"https:\/\/api.w.org\/{rel}","templated":true}]}}