{"id":4200,"date":"2019-12-18T04:14:03","date_gmt":"2019-12-18T07:14:03","guid":{"rendered":"http:\/\/vocesdebaires.com.ar\/wordpress\/index.php\/2019\/12\/18\/almagro-detuvieron-a-un-arrebatador-de-celulares\/"},"modified":"2019-12-18T04:14:03","modified_gmt":"2019-12-18T07:14:03","slug":"almagro-detuvieron-a-un-arrebatador-de-celulares","status":"publish","type":"post","link":"https:\/\/vocesdebaires.com.ar\/index.php\/2019\/12\/18\/almagro-detuvieron-a-un-arrebatador-de-celulares\/","title":{"rendered":"Almagro: Detuvieron a un arrebatador de celulares"},"content":{"rendered":"<p>El delincuente fue atrapado antes de que pudiera escapar, luego de haberle robado el tel\u00e9fono a una mujer de 66 a\u00f1os de edad. La Polic\u00eda de la Ciudad puso a disposici\u00f3n de la justicia a un sujeto de 20 a\u00f1os, quien le hab\u00eda robado el celular a una abuela de 66 a\u00f1os en la avenida Corrientes al 3700. Personal de la Comisar\u00eda Vecinal 5A de la Polic\u00eda de la Ciudad se encontraba realizando tareas de despliegue territorial en la esquina de avenida Corrientes y Mario Bravo, cuando fue alertado por transe\u00fantes que le se\u00f1alaban a una persona como autor del robo de un tel\u00e9fono celular.<\/p>\n<p>Inmediatamente un oficial de la fuerza porte\u00f1a intercept\u00f3 al sospechoso para identificarlo y requisarlo frente a testigos, y quien no pudo justificar la tenencia de un equipo m\u00f3vil marca Samsung mediante el desbloqueo del patr\u00f3n de seguridad. A los pocos minutos se present\u00f3 en el lugar la damnificada, una mujer de 66 a\u00f1os de edad, quien reconoci\u00f3 al celular como propio e inform\u00f3 a los efectivos de la Polic\u00eda de la Ciudad que el detenido se lo hab\u00eda arrebatado mientras estaba consultando una aplicaci\u00f3n. Por orden del Juzgado Criminal y Correccional N\u00ba 34 de la Dra. Bruniard se dispuso el traslado del detenido a la alcaid\u00eda de la Comisar\u00eda Vecinal 5A de la Polic\u00eda de la Ciudad.<\/p>\n","protected":false},"excerpt":{"rendered":"<p>El delincuente fue atrapado antes de que pudiera escapar, luego de haberle robado el tel\u00e9fono a una mujer de 66 a\u00f1os de edad. La Polic\u00eda de la Ciudad puso a disposici\u00f3n de la justicia a un sujeto de 20 a\u00f1os, quien le hab\u00eda robado el celular a una abuela de 66 a\u00f1os en la avenida [&hellip;]<\/p>\n","protected":false},"author":1,"featured_media":4201,"comment_status":"open","ping_status":"open","sticky":false,"template":"","format":"standard","meta":{"_et_pb_use_builder":"","_et_pb_old_content":"","_et_gb_content_width":"","footnotes":""},"categories":[11,32],"tags":[],"class_list":["post-4200","post","type-post","status-publish","format-standard","has-post-thumbnail","hentry","category-ciudad","category-comunas"],"_links":{"self":[{"href":"https:\/\/vocesdebaires.com.ar\/index.php\/wp-json\/wp\/v2\/posts\/4200"}],"collection":[{"href":"https:\/\/vocesdebaires.com.ar\/index.php\/wp-json\/wp\/v2\/posts"}],"about":[{"href":"https:\/\/vocesdebaires.com.ar\/index.php\/wp-json\/wp\/v2\/types\/post"}],"author":[{"embeddable":true,"href":"https:\/\/vocesdebaires.com.ar\/index.php\/wp-json\/wp\/v2\/users\/1"}],"replies":[{"embeddable":true,"href":"https:\/\/vocesdebaires.com.ar\/index.php\/wp-json\/wp\/v2\/comments?post=4200"}],"version-history":[{"count":0,"href":"https:\/\/vocesdebaires.com.ar\/index.php\/wp-json\/wp\/v2\/posts\/4200\/revisions"}],"wp:featuredmedia":[{"embeddable":true,"href":"https:\/\/vocesdebaires.com.ar\/index.php\/wp-json\/wp\/v2\/media\/4201"}],"wp:attachment":[{"href":"https:\/\/vocesdebaires.com.ar\/index.php\/wp-json\/wp\/v2\/media?parent=4200"}],"wp:term":[{"taxonomy":"category","embeddable":true,"href":"https:\/\/vocesdebaires.com.ar\/index.php\/wp-json\/wp\/v2\/categories?post=4200"},{"taxonomy":"post_tag","embeddable":true,"href":"https:\/\/vocesdebaires.com.ar\/index.php\/wp-json\/wp\/v2\/tags?post=4200"}],"curies":[{"name":"wp","href":"https:\/\/api.w.org\/{rel}","templated":true}]}}