{"id":42002,"date":"2022-12-30T15:44:04","date_gmt":"2022-12-30T18:44:04","guid":{"rendered":"https:\/\/vocesdebaires.com.ar\/?p=42002"},"modified":"2022-12-30T15:44:04","modified_gmt":"2022-12-30T18:44:04","slug":"ciudad-activa-el-operativo-calorante-las-altas-temperaturas","status":"publish","type":"post","link":"https:\/\/vocesdebaires.com.ar\/index.php\/2022\/12\/30\/ciudad-activa-el-operativo-calorante-las-altas-temperaturas\/","title":{"rendered":"Ciudad activa el Operativo Calor,ante las altas temperaturas"},"content":{"rendered":"<p>Frente a las altas temperaturas que se registran en esta \u00e9poca del a\u00f1o, el Ministerio de Desarrollo Humano y H\u00e1bitat de la Ciudad de Buenos Aires lleva adelante el \u201cOperativo Calor\u201d, que consiste en la instalaci\u00f3n de puestos m\u00f3viles en la v\u00eda p\u00fablica y en los lugares de alta concentraci\u00f3n de la Ciudad. Estos puestos entregan a los vecinos agua mineral, frutas y barras de cereales. El operativo, que se encuentra destinado a toda la poblaci\u00f3n, apunta a la prevenci\u00f3n ante posibles golpes de calor que pueden presentarse debido a las altas temperaturas. Es importante destacar que el plan se ejecuta principalmente en puntos cr\u00edticos de concentraci\u00f3n de personas, y que son sugeridos por Defensa Civil.<\/p>\n<p>Los principales puestos del Operativo estar\u00e1n presentes en Plaza Constituci\u00f3n, Estaci\u00f3n Retiro y Plaza de la Rep\u00fablica. \u201cEs importante contar con estos puestos para poder ofrecer agua y alguna fruta a las personas, y tambi\u00e9n para brindarles informaci\u00f3n de c\u00f3mo actuar ante la presencia de altas temperaturas\u201d, sostuvo la ministra de Desarrollo Humano y H\u00e1bitat, Maria Migliore, y agreg\u00f3 que \u201cante un golpe de calor pueden comunicarse con la l\u00ednea 108 o con el SAME, que es n\u00famero 107\u201d.<\/p>\n<p>Siempre, pero m\u00e1s a\u00fan cuando las temperaturas son muy elevadas, es importante que la ciudadan\u00eda en general se contacte con la L\u00ednea 108 cuando ve a una persona en situaci\u00f3n de calle para que el equipo del BAP del Gobierno de la Ciudad asista a las personas, les ofrezca ingresar a un Centro de Inclusi\u00f3n (CIS) donde todas las personas o grupos familiares pueden tener atenci\u00f3n permanente de especialistas que los acompa\u00f1an en la reconstrucci\u00f3n de su proyecto de vida.<\/p>\n<p><strong>L\u00ednea 108<\/strong><br \/>\nCualquier persona de la Ciudad puede llamar para recibir atenci\u00f3n, o avisar sobre una persona que se encuentra en situaci\u00f3n de vulnerabilidad social. La 108 es una l\u00ednea que atiende las 24 horas durante todo el a\u00f1o, en la que llaman tanto vecinos como personas que est\u00e1n en situaci\u00f3n de calle y necesitan asistencia.<\/p>\n<p><strong>C\u00f3mo es el proceso de abordaje<\/strong><br \/>\nAl vecino o vecina que llama al 108, se le toman los datos sobre el caso de vulnerabilidad social que reporta para luego, en caso de que la personas lo desee, poder dar una devoluci\u00f3n de la intervenci\u00f3n en el caso. Por otro lado, si es una persona en situaci\u00f3n de calle la que toma contacto con el 108, se le pregunta el nombre, el tiempo que lleva en esa situaci\u00f3n, si tiene pertenencias y otra informaci\u00f3n vinculada al caso espec\u00edfico. En ambas situaciones, se confecciona una carta con las caracter\u00edsticas del caso, y un despachante.<\/p>\n<p>A partir de esta instancia, ingresar\u00e1 a la central BAP, que deriva a un equipo, para realizar el abordaje en campo y asistir a las personas que se encuentran en el lugar. El equipo multidisciplinario de operadores sociales interviene cada caso de manera individual, implementando una estrategia segmentada seg\u00fan el nivel de complejidad. A todas las personas que se encuentran en situaci\u00f3n de calle, la Ciudad les ofrece el traslado a uno de los Centros de Inclusi\u00f3n Social (CIS), adaptados para grupos familiares, para personas solas (seg\u00fan su g\u00e9nero) o para madres con ni\u00f1as o ni\u00f1os, en los que se brinda un \u00e1mbito de contenci\u00f3n y atenci\u00f3n para promover la reinserci\u00f3n socio-laboral.<\/p>\n<p><strong>Centros de Inclusi\u00f3n Social<\/strong><br \/>\nLa Ciudad dispone actualmente de 38 centros de alojamiento permanentes, y 3 centros de emergencia abiertos desde el inicio de la pandemia (Parque Roca I, II, III), sumando un total de 2.545 plazas. Todos los dispositivos cuentan con servicio de ducha, elementos de aseo personal, 4 comidas, talleres para contenci\u00f3n psicol\u00f3gica, as\u00ed como tambi\u00e9n para la inserci\u00f3n social, laboral y oportunidades de revinculaci\u00f3n familiar. Durante el \u00faltimo a\u00f1o, el Ministerio de Desarrollo Humano y H\u00e1bitat realiz\u00f3 obras de infraestructura en 3 de los Centros de Inclusi\u00f3n de gesti\u00f3n propia m\u00e1s grandes: Costanera Sur, Beppo Ghezzi y Hogar F\u00e9lix Lora. Adem\u00e1s, se realizaron convenios con nuevos dispositivos que incrementan la aceptaci\u00f3n del traslado para las personas que lo necesitan.<\/p>\n","protected":false},"excerpt":{"rendered":"<p>Frente a las altas temperaturas que se registran en esta \u00e9poca del a\u00f1o, el Ministerio de Desarrollo Humano y H\u00e1bitat de la Ciudad de Buenos Aires lleva adelante el \u201cOperativo Calor\u201d, que consiste en la instalaci\u00f3n de puestos m\u00f3viles en la v\u00eda p\u00fablica y en los lugares de alta concentraci\u00f3n de la Ciudad. Estos puestos [&hellip;]<\/p>\n","protected":false},"author":2,"featured_media":42003,"comment_status":"open","ping_status":"open","sticky":false,"template":"","format":"standard","meta":{"_et_pb_use_builder":"","_et_pb_old_content":"","_et_gb_content_width":"","footnotes":""},"categories":[11,33],"tags":[],"class_list":["post-42002","post","type-post","status-publish","format-standard","has-post-thumbnail","hentry","category-ciudad","category-sociedad-y-cultura-2"],"_links":{"self":[{"href":"https:\/\/vocesdebaires.com.ar\/index.php\/wp-json\/wp\/v2\/posts\/42002"}],"collection":[{"href":"https:\/\/vocesdebaires.com.ar\/index.php\/wp-json\/wp\/v2\/posts"}],"about":[{"href":"https:\/\/vocesdebaires.com.ar\/index.php\/wp-json\/wp\/v2\/types\/post"}],"author":[{"embeddable":true,"href":"https:\/\/vocesdebaires.com.ar\/index.php\/wp-json\/wp\/v2\/users\/2"}],"replies":[{"embeddable":true,"href":"https:\/\/vocesdebaires.com.ar\/index.php\/wp-json\/wp\/v2\/comments?post=42002"}],"version-history":[{"count":1,"href":"https:\/\/vocesdebaires.com.ar\/index.php\/wp-json\/wp\/v2\/posts\/42002\/revisions"}],"predecessor-version":[{"id":42004,"href":"https:\/\/vocesdebaires.com.ar\/index.php\/wp-json\/wp\/v2\/posts\/42002\/revisions\/42004"}],"wp:featuredmedia":[{"embeddable":true,"href":"https:\/\/vocesdebaires.com.ar\/index.php\/wp-json\/wp\/v2\/media\/42003"}],"wp:attachment":[{"href":"https:\/\/vocesdebaires.com.ar\/index.php\/wp-json\/wp\/v2\/media?parent=42002"}],"wp:term":[{"taxonomy":"category","embeddable":true,"href":"https:\/\/vocesdebaires.com.ar\/index.php\/wp-json\/wp\/v2\/categories?post=42002"},{"taxonomy":"post_tag","embeddable":true,"href":"https:\/\/vocesdebaires.com.ar\/index.php\/wp-json\/wp\/v2\/tags?post=42002"}],"curies":[{"name":"wp","href":"https:\/\/api.w.org\/{rel}","templated":true}]}}