{"id":42025,"date":"2023-01-04T00:00:21","date_gmt":"2023-01-04T03:00:21","guid":{"rendered":"https:\/\/vocesdebaires.com.ar\/?p=42025"},"modified":"2023-01-03T17:49:06","modified_gmt":"2023-01-03T20:49:06","slug":"en-la-ciudadagenda-cultural-para-disfrutar-el-verano-2023","status":"publish","type":"post","link":"https:\/\/vocesdebaires.com.ar\/index.php\/2023\/01\/04\/en-la-ciudadagenda-cultural-para-disfrutar-el-verano-2023\/","title":{"rendered":"En la Ciudad:Agenda cultural para disfrutar el Verano 2023"},"content":{"rendered":"<p>El Gobierno de la Ciudad de Buenos Aires, a trav\u00e9s del Ministerio de Cultura de la Ciudad ofrecer\u00e1 una amplia agenda cultural a lo largo del verano, con m\u00e1s de 4.200 actividades con entrada gratuita o accesible para todas las edades. La iniciativa, que beneficiar\u00e1 a m\u00e1s de 3.300 artistas, se llevar\u00e1 adelante a lo largo y ancho de la Ciudad Aut\u00f3noma de Buenos Aires, pero tambi\u00e9n tendr\u00e1 su r\u00e9plica en distintos puntos del pa\u00eds, fomentando intercambios y visibilizando el trabajo de hacedores culturales. Toda la programaci\u00f3n podr\u00e1 consultarse en Vivamos Cultura y a trav\u00e9s del asistente virtual Boti (11 5050-0147). Habr\u00e1 ciclos para todas las edades en museos y espacios culturales, estrenos y tambi\u00e9n reposiciones de obras en los teatros. Se realizar\u00e1 una nueva edici\u00f3n del Carnaval porte\u00f1o y continuar\u00e1n iniciativas como Calles Culturales y Microcentro Cuenta.<\/p>\n<p><strong>Museos y espacios culturales<\/strong><br \/>\nEn el Museo de Arte Moderno de Buenos Aires (Av. San Juan 350) habr\u00e1 propuestas innovadoras, accesibles y gratuitas, en el marco del \u201cVerano Moderno 2023\u201d. El programa incluye encuentros con artistas invitados, espect\u00e1culos en vivo y variadas experiencias para toda la familia. Tambi\u00e9n habr\u00e1 actividades accesibles para personas con discapacidad auditiva, visual, motriz y CEA (condici\u00f3n del espectro autista). La agenda contar\u00e1 con recorridos interactivos a cargo del equipo educativo para disfrutar, en familia, de un circuito dialogado que busca despertar la creatividad a partir de las exhibiciones del programa anual \u201cUn d\u00eda en la Tierra\u201d. Los participantes podr\u00e1n realizar tambi\u00e9n su propia creaci\u00f3n.<\/p>\n<p>Por su parte, en la Usina del Arte se realizar\u00e1 el ciclo \u00abVerano en la Ciudad\u00bb con programaci\u00f3n art\u00edstica en todos los espacios de la Usina, segmentada por edades. Para chicos de 0 a 3 a\u00f1os, las propuestas ser\u00e1n \u201ciUpiiiii\u201d, espacio cultural con estaciones l\u00fadicas que potencian la sensorialidad, la sorpresa y el juego; el taller l\u00fadico musical \u201cCestas del Tesoro\u201d, y \u201cBajo el Mar\u201d, un taller sensorial para beb\u00e9s. Para el segmento de 4 a 7 a\u00f1os, se realizar\u00e1n \u201cLa Isla de Splash\u201d, una propuesta de juegos recreativos con agua; \u201cBanquete de cl\u00e1sicos\u201d, para compartir literatura y gastronom\u00eda, y el espacio de lectura \u201cLibroteca\u201d.<\/p>\n<p>En tanto, para chicos de 8 a 12 a\u00f1os, estar\u00e1 \u201cel Club\u201d para disfrutar de m\u00faltiples actividades recreativas, urbanas y deportivas; la \u201cEscuelita de Skate\u201d, y el \u201cTaller Humana\u201d, en el cual los chicos podr\u00e1n construir m\u00f3viles con hilos de pl\u00e1stico. \u201cVerano en la Ciudad\u201d se replicar\u00e1 en 10 espacios culturales de CABA: Museo S\u00edvori, Larreta, Buenos Aires Museo, Casa Carlos Gardel, Perloti, MAP, Torre Monumental, Saavedra, Fernandez Blanco (Palacio) y el Casco Hist\u00f3rico. En este marco, se brindar\u00e1 impulso al sector con programaci\u00f3n externa y ferias para artistas independientes.<\/p>\n<p><strong>Entra y mira toda la programaci\u00f3n del Verano 2023 \/ o copia enlace en tu buscador:<\/strong><br \/>\nhttps:\/\/vivamoscultura.buenosaires.gob.ar\/home\/420-verano_en_la_ciudad\/<\/p>\n","protected":false},"excerpt":{"rendered":"<p>El Gobierno de la Ciudad de Buenos Aires, a trav\u00e9s del Ministerio de Cultura de la Ciudad ofrecer\u00e1 una amplia agenda cultural a lo largo del verano, con m\u00e1s de 4.200 actividades con entrada gratuita o accesible para todas las edades. La iniciativa, que beneficiar\u00e1 a m\u00e1s de 3.300 artistas, se llevar\u00e1 adelante a lo [&hellip;]<\/p>\n","protected":false},"author":3,"featured_media":42026,"comment_status":"open","ping_status":"open","sticky":false,"template":"","format":"standard","meta":{"_et_pb_use_builder":"","_et_pb_old_content":"","_et_gb_content_width":"","footnotes":""},"categories":[11,33],"tags":[],"class_list":["post-42025","post","type-post","status-publish","format-standard","has-post-thumbnail","hentry","category-ciudad","category-sociedad-y-cultura-2"],"_links":{"self":[{"href":"https:\/\/vocesdebaires.com.ar\/index.php\/wp-json\/wp\/v2\/posts\/42025"}],"collection":[{"href":"https:\/\/vocesdebaires.com.ar\/index.php\/wp-json\/wp\/v2\/posts"}],"about":[{"href":"https:\/\/vocesdebaires.com.ar\/index.php\/wp-json\/wp\/v2\/types\/post"}],"author":[{"embeddable":true,"href":"https:\/\/vocesdebaires.com.ar\/index.php\/wp-json\/wp\/v2\/users\/3"}],"replies":[{"embeddable":true,"href":"https:\/\/vocesdebaires.com.ar\/index.php\/wp-json\/wp\/v2\/comments?post=42025"}],"version-history":[{"count":1,"href":"https:\/\/vocesdebaires.com.ar\/index.php\/wp-json\/wp\/v2\/posts\/42025\/revisions"}],"predecessor-version":[{"id":42027,"href":"https:\/\/vocesdebaires.com.ar\/index.php\/wp-json\/wp\/v2\/posts\/42025\/revisions\/42027"}],"wp:featuredmedia":[{"embeddable":true,"href":"https:\/\/vocesdebaires.com.ar\/index.php\/wp-json\/wp\/v2\/media\/42026"}],"wp:attachment":[{"href":"https:\/\/vocesdebaires.com.ar\/index.php\/wp-json\/wp\/v2\/media?parent=42025"}],"wp:term":[{"taxonomy":"category","embeddable":true,"href":"https:\/\/vocesdebaires.com.ar\/index.php\/wp-json\/wp\/v2\/categories?post=42025"},{"taxonomy":"post_tag","embeddable":true,"href":"https:\/\/vocesdebaires.com.ar\/index.php\/wp-json\/wp\/v2\/tags?post=42025"}],"curies":[{"name":"wp","href":"https:\/\/api.w.org\/{rel}","templated":true}]}}