{"id":42032,"date":"2023-01-04T00:00:27","date_gmt":"2023-01-04T03:00:27","guid":{"rendered":"https:\/\/vocesdebaires.com.ar\/?p=42032"},"modified":"2023-01-03T18:12:13","modified_gmt":"2023-01-03T21:12:13","slug":"agip-extendio-el-plazo-para-acceder-a-planes-de-facilidades-de-pago","status":"publish","type":"post","link":"https:\/\/vocesdebaires.com.ar\/index.php\/2023\/01\/04\/agip-extendio-el-plazo-para-acceder-a-planes-de-facilidades-de-pago\/","title":{"rendered":"AGIP extendi\u00f3 el plazo para acceder a planes de facilidades de pago"},"content":{"rendered":"<p>La Administraci\u00f3n Gubernamental de Ingresos P\u00fablicos (AGIP) informa que se extiende hasta el martes 31 de enero del 2023 el plazo de adhesi\u00f3n para acceder al nuevo Plan de Facilidades.Dicho plan permite incluir deudas menores a $320.550 nominal, con lo cual se accede a la condonaci\u00f3n del 100% de los intereses resarcitorios para quienes paguen al contado y en una cuota. Incluye tanto a personas humanas como jur\u00eddicas. Asimismo, quienes posean deudas mayores a $320.550 nominal pueden adherirse al Plan de Facilidades de car\u00e1cter transitorio (Res. 4323\/MHFGC\/2022), el cual permite a personas humanas y jur\u00eddicas pagar sus deudas hasta en seis (6) cuotas iguales, mensuales y consecutivas, sin intereses de financiaci\u00f3n y sin l\u00edmite de monto. En ambos casos, rige para todos los impuestos y se pueden incluir deudas administrativas y judiciales vencidas antes del 1\u00b0 de agosto del 2022, as\u00ed como tambi\u00e9n deudas de planes caducos previos a esa fecha.<\/p>\n<p>Para m\u00e1s informaci\u00f3n ingresar a la web de AGIP<\/p>\n","protected":false},"excerpt":{"rendered":"<p>La Administraci\u00f3n Gubernamental de Ingresos P\u00fablicos (AGIP) informa que se extiende hasta el martes 31 de enero del 2023 el plazo de adhesi\u00f3n para acceder al nuevo Plan de Facilidades.Dicho plan permite incluir deudas menores a $320.550 nominal, con lo cual se accede a la condonaci\u00f3n del 100% de los intereses resarcitorios para quienes paguen [&hellip;]<\/p>\n","protected":false},"author":2,"featured_media":42033,"comment_status":"open","ping_status":"open","sticky":false,"template":"","format":"standard","meta":{"_et_pb_use_builder":"","_et_pb_old_content":"","_et_gb_content_width":"","footnotes":""},"categories":[11,33],"tags":[],"class_list":["post-42032","post","type-post","status-publish","format-standard","has-post-thumbnail","hentry","category-ciudad","category-sociedad-y-cultura-2"],"_links":{"self":[{"href":"https:\/\/vocesdebaires.com.ar\/index.php\/wp-json\/wp\/v2\/posts\/42032"}],"collection":[{"href":"https:\/\/vocesdebaires.com.ar\/index.php\/wp-json\/wp\/v2\/posts"}],"about":[{"href":"https:\/\/vocesdebaires.com.ar\/index.php\/wp-json\/wp\/v2\/types\/post"}],"author":[{"embeddable":true,"href":"https:\/\/vocesdebaires.com.ar\/index.php\/wp-json\/wp\/v2\/users\/2"}],"replies":[{"embeddable":true,"href":"https:\/\/vocesdebaires.com.ar\/index.php\/wp-json\/wp\/v2\/comments?post=42032"}],"version-history":[{"count":2,"href":"https:\/\/vocesdebaires.com.ar\/index.php\/wp-json\/wp\/v2\/posts\/42032\/revisions"}],"predecessor-version":[{"id":42035,"href":"https:\/\/vocesdebaires.com.ar\/index.php\/wp-json\/wp\/v2\/posts\/42032\/revisions\/42035"}],"wp:featuredmedia":[{"embeddable":true,"href":"https:\/\/vocesdebaires.com.ar\/index.php\/wp-json\/wp\/v2\/media\/42033"}],"wp:attachment":[{"href":"https:\/\/vocesdebaires.com.ar\/index.php\/wp-json\/wp\/v2\/media?parent=42032"}],"wp:term":[{"taxonomy":"category","embeddable":true,"href":"https:\/\/vocesdebaires.com.ar\/index.php\/wp-json\/wp\/v2\/categories?post=42032"},{"taxonomy":"post_tag","embeddable":true,"href":"https:\/\/vocesdebaires.com.ar\/index.php\/wp-json\/wp\/v2\/tags?post=42032"}],"curies":[{"name":"wp","href":"https:\/\/api.w.org\/{rel}","templated":true}]}}