{"id":42036,"date":"2023-01-04T00:00:03","date_gmt":"2023-01-04T03:00:03","guid":{"rendered":"https:\/\/vocesdebaires.com.ar\/?p=42036"},"modified":"2023-01-03T18:18:31","modified_gmt":"2023-01-03T21:18:31","slug":"ciudadavanza-la-iluminacion-100-led-de-los-monumentos-ahorro-energetico","status":"publish","type":"post","link":"https:\/\/vocesdebaires.com.ar\/index.php\/2023\/01\/04\/ciudadavanza-la-iluminacion-100-led-de-los-monumentos-ahorro-energetico\/","title":{"rendered":"Ciudad: La iluminaci\u00f3n 100% LED de los monumentos Ahorro energ\u00e9tico"},"content":{"rendered":"<p>El monumento a Bartolom\u00e9 Mitre, ubicado sobre la plaza hom\u00f3nima, en el barrio de Recoleta, cuenta ahora con iluminaci\u00f3n 100% LED. El Ministerio de Espacio P\u00fablico e Higiene Urbana coloc\u00f3 diez proyectores de iluminaci\u00f3n led en el monumento y otras tres columnas con tres proyectores en el entorno de la Plaza Mitre, ubicada en Aguero y Avenida Libertador. La obra es parte del plan de recambio de luminarias ejecutado por el Gobierno porte\u00f1o en toda la Ciudad, lo que permite ahorrar 125 millones de kw, equivalentes al consumo diario de m\u00e1s de 160 mil heladeras, y convierte a Buenos Aires en la primera ciudad 100% LED de Latinoam\u00e9rica. \u201cNuestro objetivo es seguir disminuyendo el consumo energ\u00e9tico y hacer de la Ciudad un lugar cada d\u00eda m\u00e1s sustentable\u201d, remarc\u00f3 Clara Muzzio, ministra de Espacio P\u00fablico e Higiene Urbana.<\/p>\n<p>La Ciudad ya cuenta con 170.000 luminarias 100% LED, lo que redujo m\u00e1s de un 50% el consumo de energ\u00eda y evita la emisi\u00f3n de 44.000 tn de CO2 al a\u00f1o. Adem\u00e1s, se mejor\u00f3 el nivel de iluminaci\u00f3n en todas las comunas y se optimiz\u00f3 la visibilidad desde las c\u00e1maras de seguridad. El sistema de telegesti\u00f3n con el que cuentan monumentos y fachadas permite que cada luminaria se controle de forma remota y en tiempo real desde un centro de monitoreo. Si el sistema detecta fallas las reporta, generando una orden de reparaci\u00f3n de forma autom\u00e1tica. Tambi\u00e9n se programa el encendido y el apagado y permite pautar con anticipaci\u00f3n las iluminaciones tem\u00e1ticas. El sistema aporta mejor informaci\u00f3n sobre el funcionamiento de cada luminaria del alumbrado p\u00fablico.<\/p>\n","protected":false},"excerpt":{"rendered":"<p>El monumento a Bartolom\u00e9 Mitre, ubicado sobre la plaza hom\u00f3nima, en el barrio de Recoleta, cuenta ahora con iluminaci\u00f3n 100% LED. El Ministerio de Espacio P\u00fablico e Higiene Urbana coloc\u00f3 diez proyectores de iluminaci\u00f3n led en el monumento y otras tres columnas con tres proyectores en el entorno de la Plaza Mitre, ubicada en Aguero [&hellip;]<\/p>\n","protected":false},"author":2,"featured_media":42037,"comment_status":"open","ping_status":"open","sticky":false,"template":"","format":"standard","meta":{"_et_pb_use_builder":"","_et_pb_old_content":"","_et_gb_content_width":"","footnotes":""},"categories":[11,33],"tags":[],"class_list":["post-42036","post","type-post","status-publish","format-standard","has-post-thumbnail","hentry","category-ciudad","category-sociedad-y-cultura-2"],"_links":{"self":[{"href":"https:\/\/vocesdebaires.com.ar\/index.php\/wp-json\/wp\/v2\/posts\/42036"}],"collection":[{"href":"https:\/\/vocesdebaires.com.ar\/index.php\/wp-json\/wp\/v2\/posts"}],"about":[{"href":"https:\/\/vocesdebaires.com.ar\/index.php\/wp-json\/wp\/v2\/types\/post"}],"author":[{"embeddable":true,"href":"https:\/\/vocesdebaires.com.ar\/index.php\/wp-json\/wp\/v2\/users\/2"}],"replies":[{"embeddable":true,"href":"https:\/\/vocesdebaires.com.ar\/index.php\/wp-json\/wp\/v2\/comments?post=42036"}],"version-history":[{"count":2,"href":"https:\/\/vocesdebaires.com.ar\/index.php\/wp-json\/wp\/v2\/posts\/42036\/revisions"}],"predecessor-version":[{"id":42039,"href":"https:\/\/vocesdebaires.com.ar\/index.php\/wp-json\/wp\/v2\/posts\/42036\/revisions\/42039"}],"wp:featuredmedia":[{"embeddable":true,"href":"https:\/\/vocesdebaires.com.ar\/index.php\/wp-json\/wp\/v2\/media\/42037"}],"wp:attachment":[{"href":"https:\/\/vocesdebaires.com.ar\/index.php\/wp-json\/wp\/v2\/media?parent=42036"}],"wp:term":[{"taxonomy":"category","embeddable":true,"href":"https:\/\/vocesdebaires.com.ar\/index.php\/wp-json\/wp\/v2\/categories?post=42036"},{"taxonomy":"post_tag","embeddable":true,"href":"https:\/\/vocesdebaires.com.ar\/index.php\/wp-json\/wp\/v2\/tags?post=42036"}],"curies":[{"name":"wp","href":"https:\/\/api.w.org\/{rel}","templated":true}]}}